{"id":2461,"date":"2014-01-31T09:50:14","date_gmt":"2014-01-31T09:50:14","guid":{"rendered":"http:\/\/blogs.hoy.es\/senderosextremadura\/?p=2461"},"modified":"2014-01-31T09:50:14","modified_gmt":"2014-01-31T09:50:14","slug":"el-club-vegas-bajas-de-montijo-vuelve-a-las-andadas","status":"publish","type":"post","link":"https:\/\/blogs.hoy.es\/senderosextremadura\/2014\/01\/31\/el-club-vegas-bajas-de-montijo-vuelve-a-las-andadas\/","title":{"rendered":"El Club Vegas Bajas de Montijo vuelve a las andadas"},"content":{"rendered":"<div id=\"attachment_2462\" style=\"width: 477px\" class=\"wp-caption aligncenter\"><a href=\"https:\/\/blogs.hoy.es\/senderosextremadura\/\"><img aria-describedby=\"caption-attachment-2462\" loading=\"lazy\" class=\" wp-image-2462\" title=\"\" src=\"\/senderosextremadura\/wp-content\/uploads\/sites\/22\/2014\/01\/andadas.jpg\" alt=\"\" width=\"467\" height=\"351\" srcset=\"https:\/\/static-blogs.hoy.es\/wp-content\/uploads\/sites\/22\/2014\/01\/andadas.jpg 640w, https:\/\/static-blogs.hoy.es\/wp-content\/uploads\/sites\/22\/2014\/01\/andadas-300x225.jpg 300w, https:\/\/static-blogs.hoy.es\/wp-content\/uploads\/sites\/22\/2014\/01\/andadas-600x450.jpg 600w\" sizes=\"(max-width: 467px) 100vw, 467px\" \/><\/a><p id=\"caption-attachment-2462\" class=\"wp-caption-text\">Nueva junta directiva del club<\/p><\/div>\n<p>El <strong>Club Senderista Vegas Bajas de Montijo<\/strong> vuelve a las andadas. El pasado 22 de enero se eligi\u00f3 una nueva Junta Directiva, que estar\u00e1 <strong>presidida por Paco Tienza<\/strong>. En la Asamblea General Extraordinaria se eligi\u00f3 tambi\u00e9n nuevo vicepresidente a Prudencio Carrillo. El secretario ser\u00e1 Sergio Plaza, y el tesorero, Paco Romano.<!--more--><\/p>\n<p>La primera tarea que tienen en mente es <strong>reactivar el club<\/strong>, que por diversos motivos ha carecido de actividad p\u00fablica durante los \u00faltimos meses.<\/p>\n<p>El pr\u00f3ximo domingo 2 de febrero realizar\u00e1n la ruta del Arroyo Charnecal. a marcha comenzar\u00e1 a las 9 de la ma\u00f1ana en el atrio de San Pedro, cruzar\u00e1 Montijo y saldr\u00e1 por el camino viejo de Barba\u00f1o. Despu\u00e9s toma un camino direcci\u00f3n L\u00e1cara cruzando la carretera de Torremayor y el canal principal, atraviesa varios campos hasta la carretera de La Nava y rodea el Cerro de San Gregorio para llegar a los Chozos. De ah\u00ed baja hasta Montijo, finalizando la ruta en la iglesia de San Pedro. Al celebrase la festividad de San Blas, quien quiera podr\u00e1 terminar la ruta en las Cabezas.<\/p>\n<p>La siguiente ruta tendr\u00e1 lugar el 9 de febrero pretende participar en la Ruta del Circuito Senderista de Extremadura por el Valle del Esperab\u00e1n.<\/p>\n<!-- AddThis Advanced Settings generic via filter on the_content --><!-- AddThis Share Buttons generic via filter on the_content -->","protected":false},"excerpt":{"rendered":"<p>El Club Senderista Vegas Bajas de Montijo vuelve a las andadas. El pasado 22 de enero se eligi\u00f3 una nueva Junta Directiva, que estar\u00e1 presidida por Paco Tienza. En la Asamblea General Extraordinaria se eligi\u00f3 tambi\u00e9n nuevo vicepresidente a Prudencio Carrillo. El secretario ser\u00e1 Sergio Plaza, y el tesorero, Paco Romano.<!-- AddThis Advanced Settings generic via filter on get_the_excerpt --><!-- AddThis Share Buttons generic via filter on get_the_excerpt --><\/p>\n","protected":false},"author":27,"featured_media":0,"comment_status":"open","ping_status":"closed","sticky":false,"template":"","format":"standard","meta":[],"categories":[3,4],"tags":[226,535,817,836,906,944],"_links":{"self":[{"href":"https:\/\/blogs.hoy.es\/senderosextremadura\/wp-json\/wp\/v2\/posts\/2461"}],"collection":[{"href":"https:\/\/blogs.hoy.es\/senderosextremadura\/wp-json\/wp\/v2\/posts"}],"about":[{"href":"https:\/\/blogs.hoy.es\/senderosextremadura\/wp-json\/wp\/v2\/types\/post"}],"author":[{"embeddable":true,"href":"https:\/\/blogs.hoy.es\/senderosextremadura\/wp-json\/wp\/v2\/users\/27"}],"replies":[{"embeddable":true,"href":"https:\/\/blogs.hoy.es\/senderosextremadura\/wp-json\/wp\/v2\/comments?post=2461"}],"version-history":[{"count":0,"href":"https:\/\/blogs.hoy.es\/senderosextremadura\/wp-json\/wp\/v2\/posts\/2461\/revisions"}],"wp:attachment":[{"href":"https:\/\/blogs.hoy.es\/senderosextremadura\/wp-json\/wp\/v2\/media?parent=2461"}],"wp:term":[{"taxonomy":"category","embeddable":true,"href":"https:\/\/blogs.hoy.es\/senderosextremadura\/wp-json\/wp\/v2\/categories?post=2461"},{"taxonomy":"post_tag","embeddable":true,"href":"https:\/\/blogs.hoy.es\/senderosextremadura\/wp-json\/wp\/v2\/tags?post=2461"}],"curies":[{"name":"wp","href":"https:\/\/api.w.org\/{rel}","templated":true}]}}