{"id":2467,"date":"2014-02-03T09:35:24","date_gmt":"2014-02-03T09:35:24","guid":{"rendered":"http:\/\/blogs.hoy.es\/senderosextremadura\/?p=2467"},"modified":"2014-02-03T09:35:24","modified_gmt":"2014-02-03T09:35:24","slug":"ruta-por-los-paisajes-sagrados-del-tajo-internacional","status":"publish","type":"post","link":"https:\/\/blogs.hoy.es\/senderosextremadura\/2014\/02\/03\/ruta-por-los-paisajes-sagrados-del-tajo-internacional\/","title":{"rendered":"Ruta por los paisajes sagrados del Tajo Internacional"},"content":{"rendered":"<div id=\"attachment_2468\" style=\"width: 346px\" class=\"wp-caption alignright\"><a href=\"https:\/\/blogs.hoy.es\/senderosextremadura\/\"><img aria-describedby=\"caption-attachment-2468\" loading=\"lazy\" class=\" wp-image-2468\" title=\"\" src=\"\/senderosextremadura\/wp-content\/uploads\/sites\/22\/2014\/02\/buraco-3.jpg\" alt=\"\" width=\"336\" height=\"533\" \/><\/a><p id=\"caption-attachment-2468\" class=\"wp-caption-text\">Vistas desde la Cueva de El Buraco, en Santiago de Alc\u00e1ntara:: A.M.<\/p><\/div>\n<p>Ruta por los paisajes sagrados del <a href=\"http:\/\/taejo.eu\/\" target=\"_blank\" rel=\"external nofollow\"><strong>Tajo Internacional<\/strong><\/a>. Los participantes en la marcha organizada por Arqueonaturex que se celebrar\u00e1 el s\u00e1bado <strong>15 de febrero<\/strong> se citar\u00e1n en la Iglesia de San Jos\u00e9 (Badajoz) a las 8 de la ma\u00f1ana, llegando sobre las 10h a nuestro destino: el Centro de Interpretaci\u00f3n del Megalitismo de Santiago de Alc\u00e1ntara, que destaca por su originalidad dado que las instalaciones son subterr\u00e1neas.<\/p>\n<p>Representa un dolmen de aproximadamente 200 metros cuadrados. El p\u00fablico se adentra en el edificio a trav\u00e9s de un largo pasillo que comunica con la sala principal. Podremos contemplar distintas piezas, paneles y recursos audiovisuales.<br \/>\nUna vez visitado el Centro nos dirigiremos hac\u00eda la Cueva de El Buraco que se encuentra a unos dos kil\u00f3metros. A lo largo del camino disfrutaremos del paisaje circundante y pueblos portugueses cercanos. Sin lugar a dudas una maravilla. Al final llegaremos a la plataforma donde se encuentra la Cueva El Buraco, en cuyo interior se puede disfrutar de pinturas rupestres.<br \/>\nDespu\u00e9s subiremos hasta los restos de un Castro Lusitano, lugar ideal para el avistamiento de aves y escuchar historias sobre la Frontera y Viriato.<br \/>\nVolveremos sobre nuestros pasos hasta el Centro de Interpretaci\u00f3n para comernos el bocadillo y tomar algo, si el bar est\u00e1 abierto.<br \/>\nUna hora m\u00e1s o menos para comer y continuaremos hacia la Necr\u00f3polis de la Lagunita, que consta de tres d\u00f3lmenes muy particulares, donde podremos comprobar el contacto visual entre la cueva y la necr\u00f3polis.<br \/>\nEsta ruta estar\u00e1 guiada y explicada por T\u00e9cnicos del Ayuntamiento de Santiago de Alc\u00e1ntara.<\/p>\n<p>La actividad tiene un precio de 14 euros y la inscripci\u00f3n puede realizarse hasta el 10 de febrero a trav\u00e9s del mail <strong>yomeapuntoalbus@gmail.com.<\/strong><\/p>\n<p><a href=\"https:\/\/www.facebook.com\/groups\/213741235402314\/?fref=ts\" target=\"_blank\" rel=\"external nofollow\"><strong>Organiza ARQUEONATUREX<\/strong><\/a>. M\u00e1s informaci\u00f3n en su <a href=\"https:\/\/www.facebook.com\/groups\/213741235402314\/?fref=ts\" target=\"_blank\" rel=\"external nofollow\"><strong>perfil de Facebook.<\/strong><\/a><\/p>\n<!-- AddThis Advanced Settings generic via filter on the_content --><!-- AddThis Share Buttons generic via filter on the_content -->","protected":false},"excerpt":{"rendered":"<p>Ruta por los paisajes sagrados del Tajo Internacional. Los participantes en la marcha organizada por Arqueonaturex que se celebrar\u00e1 el s\u00e1bado 15 de febrero se citar\u00e1n en la Iglesia de San Jos\u00e9 (Badajoz) a las 8 de la ma\u00f1ana, llegando sobre las 10h a nuestro destino: el Centro de Interpretaci\u00f3n del Megalitismo de Santiago de [&hellip;]<!-- AddThis Advanced Settings generic via filter on get_the_excerpt --><!-- AddThis Share Buttons generic via filter on get_the_excerpt --><\/p>\n","protected":false},"author":27,"featured_media":0,"comment_status":"open","ping_status":"closed","sticky":false,"template":"","format":"standard","meta":[],"categories":[4],"tags":[192,249,832,894,906],"_links":{"self":[{"href":"https:\/\/blogs.hoy.es\/senderosextremadura\/wp-json\/wp\/v2\/posts\/2467"}],"collection":[{"href":"https:\/\/blogs.hoy.es\/senderosextremadura\/wp-json\/wp\/v2\/posts"}],"about":[{"href":"https:\/\/blogs.hoy.es\/senderosextremadura\/wp-json\/wp\/v2\/types\/post"}],"author":[{"embeddable":true,"href":"https:\/\/blogs.hoy.es\/senderosextremadura\/wp-json\/wp\/v2\/users\/27"}],"replies":[{"embeddable":true,"href":"https:\/\/blogs.hoy.es\/senderosextremadura\/wp-json\/wp\/v2\/comments?post=2467"}],"version-history":[{"count":0,"href":"https:\/\/blogs.hoy.es\/senderosextremadura\/wp-json\/wp\/v2\/posts\/2467\/revisions"}],"wp:attachment":[{"href":"https:\/\/blogs.hoy.es\/senderosextremadura\/wp-json\/wp\/v2\/media?parent=2467"}],"wp:term":[{"taxonomy":"category","embeddable":true,"href":"https:\/\/blogs.hoy.es\/senderosextremadura\/wp-json\/wp\/v2\/categories?post=2467"},{"taxonomy":"post_tag","embeddable":true,"href":"https:\/\/blogs.hoy.es\/senderosextremadura\/wp-json\/wp\/v2\/tags?post=2467"}],"curies":[{"name":"wp","href":"https:\/\/api.w.org\/{rel}","templated":true}]}}