{"id":2471,"date":"2014-02-03T13:02:16","date_gmt":"2014-02-03T13:02:16","guid":{"rendered":"http:\/\/blogs.hoy.es\/senderosextremadura\/?p=2471"},"modified":"2014-02-03T13:02:16","modified_gmt":"2014-02-03T13:02:16","slug":"calendario-senderista-del-club-valdearenales-de-guarena","status":"publish","type":"post","link":"https:\/\/blogs.hoy.es\/senderosextremadura\/2014\/02\/03\/calendario-senderista-del-club-valdearenales-de-guarena\/","title":{"rendered":"Calendario senderista del Club Valdearenales de Guare\u00f1a"},"content":{"rendered":"<div id=\"attachment_2474\" style=\"width: 378px\" class=\"wp-caption aligncenter\"><a href=\"\/senderosextremadura\/wp-content\/uploads\/sites\/22\/2014\/02\/valdearenales_n1.jpg\"><img aria-describedby=\"caption-attachment-2474\" loading=\"lazy\" class=\" wp-image-2474\" title=\"\" src=\"\/senderosextremadura\/wp-content\/uploads\/sites\/22\/2014\/02\/valdearenales_n1.jpg\" alt=\"\" width=\"368\" height=\"244\" srcset=\"https:\/\/static-blogs.hoy.es\/wp-content\/uploads\/sites\/22\/2014\/02\/valdearenales_n1.jpg 960w, https:\/\/static-blogs.hoy.es\/wp-content\/uploads\/sites\/22\/2014\/02\/valdearenales_n1-300x199.jpg 300w, https:\/\/static-blogs.hoy.es\/wp-content\/uploads\/sites\/22\/2014\/02\/valdearenales_n1-768x510.jpg 768w, https:\/\/static-blogs.hoy.es\/wp-content\/uploads\/sites\/22\/2014\/02\/valdearenales_n1-600x399.jpg 600w\" sizes=\"(max-width: 368px) 100vw, 368px\" \/><\/a><p id=\"caption-attachment-2474\" class=\"wp-caption-text\">Foto de familia de los senderistas de Guare\u00f1a:: VALDEARENALES<\/p><\/div>\n<p>El <a href=\"https:\/\/www.facebook.com\/senderismo.valdearenales?fref=ts\" target=\"_blank\" rel=\"external nofollow\"><strong>club senderista Valdearenales de Guare\u00f1a<\/strong><\/a>\u00a0 ha hecho p\u00fablico su calendario de rutas senderistas para este a\u00f1o. Sus miembros desean compartir con otros aficionados de la regi\u00f3n su programa de actividades. La pr\u00f3xima tendr\u00e1 lugar el 9 de febrero, en la Cueva de Charneca, Oliva de M\u00e9rida. La <strong>III Marcha Senderistas Valdearenales<\/strong>, convivencia principal del club en la localidad pacense, tendr\u00e1 lugar el pr\u00f3ximo 16 de marzo. <!--more--><\/p>\n<p><a href=\"https:\/\/blogs.hoy.es\/senderosextremadura\/\"><img loading=\"lazy\" class=\"aligncenter size-large wp-image-2472\" title=\"\" src=\"\/senderosextremadura\/wp-content\/uploads\/sites\/22\/2014\/02\/valdearenales_n.jpg\" alt=\"\" width=\"600\" height=\"821\" srcset=\"https:\/\/static-blogs.hoy.es\/wp-content\/uploads\/sites\/22\/2014\/02\/valdearenales_n.jpg 701w, https:\/\/static-blogs.hoy.es\/wp-content\/uploads\/sites\/22\/2014\/02\/valdearenales_n-219x300.jpg 219w, https:\/\/static-blogs.hoy.es\/wp-content\/uploads\/sites\/22\/2014\/02\/valdearenales_n-600x822.jpg 600w\" sizes=\"(max-width: 600px) 100vw, 600px\" \/><\/a><\/p>\n<!-- AddThis Advanced Settings generic via filter on the_content --><!-- AddThis Share Buttons generic via filter on the_content -->","protected":false},"excerpt":{"rendered":"<p>El club senderista Valdearenales de Guare\u00f1a\u00a0 ha hecho p\u00fablico su calendario de rutas senderistas para este a\u00f1o. Sus miembros desean compartir con otros aficionados de la regi\u00f3n su programa de actividades. La pr\u00f3xima tendr\u00e1 lugar el 9 de febrero, en la Cueva de Charneca, Oliva de M\u00e9rida. La III Marcha Senderistas Valdearenales, convivencia principal del [&hellip;]<!-- AddThis Advanced Settings generic via filter on get_the_excerpt --><!-- AddThis Share Buttons generic via filter on get_the_excerpt --><\/p>\n","protected":false},"author":3,"featured_media":0,"comment_status":"open","ping_status":"closed","sticky":false,"template":"","format":"standard","meta":[],"categories":[4],"tags":[301,585,810,817,841,939,944,954,1035],"_links":{"self":[{"href":"https:\/\/blogs.hoy.es\/senderosextremadura\/wp-json\/wp\/v2\/posts\/2471"}],"collection":[{"href":"https:\/\/blogs.hoy.es\/senderosextremadura\/wp-json\/wp\/v2\/posts"}],"about":[{"href":"https:\/\/blogs.hoy.es\/senderosextremadura\/wp-json\/wp\/v2\/types\/post"}],"author":[{"embeddable":true,"href":"https:\/\/blogs.hoy.es\/senderosextremadura\/wp-json\/wp\/v2\/users\/3"}],"replies":[{"embeddable":true,"href":"https:\/\/blogs.hoy.es\/senderosextremadura\/wp-json\/wp\/v2\/comments?post=2471"}],"version-history":[{"count":0,"href":"https:\/\/blogs.hoy.es\/senderosextremadura\/wp-json\/wp\/v2\/posts\/2471\/revisions"}],"wp:attachment":[{"href":"https:\/\/blogs.hoy.es\/senderosextremadura\/wp-json\/wp\/v2\/media?parent=2471"}],"wp:term":[{"taxonomy":"category","embeddable":true,"href":"https:\/\/blogs.hoy.es\/senderosextremadura\/wp-json\/wp\/v2\/categories?post=2471"},{"taxonomy":"post_tag","embeddable":true,"href":"https:\/\/blogs.hoy.es\/senderosextremadura\/wp-json\/wp\/v2\/tags?post=2471"}],"curies":[{"name":"wp","href":"https:\/\/api.w.org\/{rel}","templated":true}]}}