{"id":2475,"date":"2014-02-03T16:53:20","date_gmt":"2014-02-03T16:53:20","guid":{"rendered":"http:\/\/blogs.hoy.es\/senderosextremadura\/?p=2475"},"modified":"2014-02-03T16:53:20","modified_gmt":"2014-02-03T16:53:20","slug":"los-senderistas-trujillanos-muestran-el-berrocal","status":"publish","type":"post","link":"https:\/\/blogs.hoy.es\/senderosextremadura\/2014\/02\/03\/los-senderistas-trujillanos-muestran-el-berrocal\/","title":{"rendered":"Los senderistas trujillanos muestran el berrocal"},"content":{"rendered":"<div>\n<p><a href=\"https:\/\/blogs.hoy.es\/senderosextremadura\/2014\/02\/03\/los-senderistas-trujillanos-muestran-el-berrocal\/berrocal3\/\" rel=\"attachment wp-att-2476\"><img loading=\"lazy\" class=\"aligncenter  wp-image-2476\" title=\"\" src=\"\/senderosextremadura\/wp-content\/uploads\/sites\/22\/2014\/02\/berrocal3.jpg\" alt=\"\" width=\"600\" height=\"278\" srcset=\"https:\/\/static-blogs.hoy.es\/wp-content\/uploads\/sites\/22\/2014\/02\/berrocal3.jpg 647w, https:\/\/static-blogs.hoy.es\/wp-content\/uploads\/sites\/22\/2014\/02\/berrocal3-300x139.jpg 300w, https:\/\/static-blogs.hoy.es\/wp-content\/uploads\/sites\/22\/2014\/02\/berrocal3-600x278.jpg 600w\" sizes=\"(max-width: 600px) 100vw, 600px\" \/><\/a><\/p>\n<p>Diversos colectivos locales trabajan para recuperar caminos y callejas que rodean el berrocal. Ahora es el turno del <strong>Club Senderismo Trujillo en Marcha<\/strong>. Llevar\u00e1 a cabo el 9 de febrero una marcha por este paraje natural. La salida ser\u00e1 a las nueve de la ma\u00f1ana desde la plaza Emilio Mart\u00ednez. La ruta, que tendr\u00e1 una distancia de 15 kil\u00f3metros, ha sido dise\u00f1ada por el socio Adolfo Garc\u00eda. Adem\u00e1s de caminar, este responsable ofrecer\u00e1 algunos datos hist\u00f3ricos del patrimonio cultural por donde pasar\u00e1n los senderistas participantes. Entre otros, se ir\u00e1 por la ermita de Santa Ana y por el tradicional molino de viento. \u00abPodemos aprender algo de historia, tan rica y a veces tan desconocida en el municipio\u00bb, detallan fuentes de la agrupaci\u00f3n.<!--more--><\/p>\n<p>Estas mismas fuentes destacan que uno de los objetivos de este tipo de rutas es dar a conocer el entorno de la ciudad. La intenci\u00f3n es no repetir los itinerarios que se han hecho en otras ocasiones. Al final de la marcha, habr\u00e1 una comida de convivencia.<\/p>\n<p>Recuerdan que este colectivo colabora con diversas entidades para dar a conocer este paraje natural. Ponen de manifiesto que todav\u00eda hay muchas callejas y v\u00edas por el berrocal cerradas, debido a que no tienen ning\u00fan tipo de tr\u00e1nsito Otras, es cierto que se han abierto, gracias a la colaboraci\u00f3n de distintas entidades.<\/p>\n<p>Fuente: <a href=\"www.hoytrujillo.es\"><strong>HOY Trujillo<\/strong><\/a><\/p>\n<\/div>\n<!-- AddThis Advanced Settings generic via filter on the_content --><!-- AddThis Share Buttons generic via filter on the_content -->","protected":false},"excerpt":{"rendered":"<p>Diversos colectivos locales trabajan para recuperar caminos y callejas que rodean el berrocal. Ahora es el turno del Club Senderismo Trujillo en Marcha. Llevar\u00e1 a cabo el 9 de febrero una marcha por este paraje natural. La salida ser\u00e1 a las nueve de la ma\u00f1ana desde la plaza Emilio Mart\u00ednez. La ruta, que tendr\u00e1 una [&hellip;]<!-- AddThis Advanced Settings generic via filter on get_the_excerpt --><!-- AddThis Share Buttons generic via filter on get_the_excerpt --><\/p>\n","protected":false},"author":27,"featured_media":0,"comment_status":"open","ping_status":"closed","sticky":false,"template":"","format":"standard","meta":[],"categories":[4],"tags":[],"_links":{"self":[{"href":"https:\/\/blogs.hoy.es\/senderosextremadura\/wp-json\/wp\/v2\/posts\/2475"}],"collection":[{"href":"https:\/\/blogs.hoy.es\/senderosextremadura\/wp-json\/wp\/v2\/posts"}],"about":[{"href":"https:\/\/blogs.hoy.es\/senderosextremadura\/wp-json\/wp\/v2\/types\/post"}],"author":[{"embeddable":true,"href":"https:\/\/blogs.hoy.es\/senderosextremadura\/wp-json\/wp\/v2\/users\/27"}],"replies":[{"embeddable":true,"href":"https:\/\/blogs.hoy.es\/senderosextremadura\/wp-json\/wp\/v2\/comments?post=2475"}],"version-history":[{"count":0,"href":"https:\/\/blogs.hoy.es\/senderosextremadura\/wp-json\/wp\/v2\/posts\/2475\/revisions"}],"wp:attachment":[{"href":"https:\/\/blogs.hoy.es\/senderosextremadura\/wp-json\/wp\/v2\/media?parent=2475"}],"wp:term":[{"taxonomy":"category","embeddable":true,"href":"https:\/\/blogs.hoy.es\/senderosextremadura\/wp-json\/wp\/v2\/categories?post=2475"},{"taxonomy":"post_tag","embeddable":true,"href":"https:\/\/blogs.hoy.es\/senderosextremadura\/wp-json\/wp\/v2\/tags?post=2475"}],"curies":[{"name":"wp","href":"https:\/\/api.w.org\/{rel}","templated":true}]}}