{"id":2479,"date":"2014-02-04T16:31:23","date_gmt":"2014-02-04T16:31:23","guid":{"rendered":"http:\/\/blogs.hoy.es\/senderosextremadura\/?p=2479"},"modified":"2014-02-04T16:31:23","modified_gmt":"2014-02-04T16:31:23","slug":"unas-5-000-personas-hicieron-el-ultimo-viaje-del-emperador-carlos-v","status":"publish","type":"post","link":"https:\/\/blogs.hoy.es\/senderosextremadura\/2014\/02\/04\/unas-5-000-personas-hicieron-el-ultimo-viaje-del-emperador-carlos-v\/","title":{"rendered":"Unas 5.000 personas hicieron el \u00faltimo viaje del emperador Carlos V"},"content":{"rendered":"<p><a href=\"https:\/\/blogs.hoy.es\/senderosextremadura\/2014\/02\/04\/unas-5-000-personas-hicieron-el-ultimo-viaje-del-emperador-carlos-v\/sony-dsc\/\" rel=\"attachment wp-att-2480\"><img loading=\"lazy\" class=\"aligncenter  wp-image-2480\" title=\"\" src=\"\/senderosextremadura\/wp-content\/uploads\/sites\/22\/2014\/02\/senderistas-emperador.jpg\" alt=\"\" width=\"452\" height=\"301\" srcset=\"https:\/\/static-blogs.hoy.es\/wp-content\/uploads\/sites\/22\/2014\/02\/senderistas-emperador.jpg 1350w, https:\/\/static-blogs.hoy.es\/wp-content\/uploads\/sites\/22\/2014\/02\/senderistas-emperador-300x200.jpg 300w, https:\/\/static-blogs.hoy.es\/wp-content\/uploads\/sites\/22\/2014\/02\/senderistas-emperador-768x512.jpg 768w, https:\/\/static-blogs.hoy.es\/wp-content\/uploads\/sites\/22\/2014\/02\/senderistas-emperador-600x400.jpg 600w\" sizes=\"(max-width: 452px) 100vw, 452px\" \/><\/a><\/p>\n<p><a href=\"http:\/\/www.hoy.es\/multimedia\/fotos\/regional\/20140202\/personas-rememoran-ultimo-viaje-3072212278344-mm.html\" rel=\"external nofollow\"><strong>VER LA GALER\u00cdA DE FOTOS COMPLETA<\/strong><\/a><\/p>\n<p>ELOY GARC\u00cdA | La amenaza de lluvia no pudo con los aficionados al senderismo, que acudieron en masa a la comarca de la Vera desde diversas regiones de Espa\u00f1a y Portugal para participar en la decimoquinta edici\u00f3n de la Ruta del Emperador. Seg\u00fan los c\u00e1lculos de los organizadores, unas 5.000 personas rememoraron este fin de semana el que fuera el \u00faltimo viaje de Carlos V, que abandon\u00f3 su alojamiento temporal en el castillo de los Condes de Oropesa (actual Parador de Turismo de Jarandilla) para trasladarse a las dependencias en las que habr\u00eda de morar hasta el fin de sus d\u00edas, el Monasterio de Yuste.<!--more--><\/p>\n<p>La comitiva de tan multitudinaria celebraci\u00f3n desayun\u00f3 un reconfortante chocolate con churros en la casa de la cultura. De ah\u00ed se trasladaron al Parador, donde presenciaron la escenificaci\u00f3n de la despedida de Carlos V de buena parte de sus alabarderos, corte real, servidumbre, criados y vecinos en general, quienes en el a\u00f1o 1.557 dec\u00edan adi\u00f3s al que fuera el mayor emperador de la \u00e9poca y que durante un tiempo vivi\u00f3 en este castillo, a la espera de que finalizara el acondicionamiento del Monasterio de Yuste.<\/p>\n<p>Tras la representaci\u00f3n, pasadas las diez de la ma\u00f1ana, la comitiva enfil\u00f3 a trav\u00e9s del casco urbano hacia al Monasterio de Yuste. Por delante, con un tiempo ciertamente desapacible pero que finalmente respet\u00f3 la celebraci\u00f3n, un recorrido de algo m\u00e1s de diez kil\u00f3metros con paradas para descansar y reponer fuerzas en Aldeanueva de la Vera y Cuacos de Yuste, donde m\u00e1s tarde se sucedieron degustaciones gastron\u00f3micas, escenificaciones y actuaciones musicales. El trayecto dio para mucho, para bromas entre los senderistas, conocer a los visitantes, bailar, visitar el patrimonio de cada poblaci\u00f3n,&#8230;<\/p>\n<p>De ah\u00ed la positiva valoraci\u00f3n que hac\u00edan las autoridades asistentes al acto oficial celebrado en Cuacos. Entre \u00e9stos el director gerente de la Asociaci\u00f3n para el Desarrollo Integral de la Comarca de la Vera (Adicover), Quint\u00edn Correas, qui\u00e9n destacaba la llegada de visitantes -tambi\u00e9n autoridades- de Cantabria, Asturias, Castilla Le\u00f3n, Melilla y Portugal, entre otros lugares. Por su parte, la directora general de Turismo de Extremadura, Elisa Cruz, mostr\u00f3 su apoyo a que la Red de Rutas de Carlos V sea declarada Itinerario Cultural Europeo<\/p>\n<!-- AddThis Advanced Settings generic via filter on the_content --><!-- AddThis Share Buttons generic via filter on the_content -->","protected":false},"excerpt":{"rendered":"<p>VER LA GALER\u00cdA DE FOTOS COMPLETA ELOY GARC\u00cdA | La amenaza de lluvia no pudo con los aficionados al senderismo, que acudieron en masa a la comarca de la Vera desde diversas regiones de Espa\u00f1a y Portugal para participar en la decimoquinta edici\u00f3n de la Ruta del Emperador. Seg\u00fan los c\u00e1lculos de los organizadores, unas [&hellip;]<!-- AddThis Advanced Settings generic via filter on get_the_excerpt --><!-- AddThis Share Buttons generic via filter on get_the_excerpt --><\/p>\n","protected":false},"author":27,"featured_media":0,"comment_status":"open","ping_status":"closed","sticky":false,"template":"","format":"standard","meta":[],"categories":[4],"tags":[247,413,434,511,746,821,836,906,909,942,1035],"_links":{"self":[{"href":"https:\/\/blogs.hoy.es\/senderosextremadura\/wp-json\/wp\/v2\/posts\/2479"}],"collection":[{"href":"https:\/\/blogs.hoy.es\/senderosextremadura\/wp-json\/wp\/v2\/posts"}],"about":[{"href":"https:\/\/blogs.hoy.es\/senderosextremadura\/wp-json\/wp\/v2\/types\/post"}],"author":[{"embeddable":true,"href":"https:\/\/blogs.hoy.es\/senderosextremadura\/wp-json\/wp\/v2\/users\/27"}],"replies":[{"embeddable":true,"href":"https:\/\/blogs.hoy.es\/senderosextremadura\/wp-json\/wp\/v2\/comments?post=2479"}],"version-history":[{"count":0,"href":"https:\/\/blogs.hoy.es\/senderosextremadura\/wp-json\/wp\/v2\/posts\/2479\/revisions"}],"wp:attachment":[{"href":"https:\/\/blogs.hoy.es\/senderosextremadura\/wp-json\/wp\/v2\/media?parent=2479"}],"wp:term":[{"taxonomy":"category","embeddable":true,"href":"https:\/\/blogs.hoy.es\/senderosextremadura\/wp-json\/wp\/v2\/categories?post=2479"},{"taxonomy":"post_tag","embeddable":true,"href":"https:\/\/blogs.hoy.es\/senderosextremadura\/wp-json\/wp\/v2\/tags?post=2479"}],"curies":[{"name":"wp","href":"https:\/\/api.w.org\/{rel}","templated":true}]}}