{"id":248,"date":"2012-03-19T12:15:32","date_gmt":"2012-03-19T12:15:32","guid":{"rendered":"http:\/\/blogs.hoy.es\/senderosextremadura\/?p=248"},"modified":"2012-03-19T12:15:32","modified_gmt":"2012-03-19T12:15:32","slug":"ruta-por-el-cerezo-en-flor-mas-ecologico-7-de-abril","status":"publish","type":"post","link":"https:\/\/blogs.hoy.es\/senderosextremadura\/2012\/03\/19\/ruta-por-el-cerezo-en-flor-mas-ecologico-7-de-abril\/","title":{"rendered":"Ruta por el cerezo en flor m\u00e1s ecol\u00f3gico (7 de abril)"},"content":{"rendered":"<p><strong><a href=\"\/senderosextremadura\/wp-content\/uploads\/sites\/22\/2012\/03\/calidad-baja.jpg\"><img loading=\"lazy\" class=\"size-large wp-image-249 alignright\" title=\"calidad-baja\" src=\"\/senderosextremadura\/wp-content\/uploads\/sites\/22\/2012\/03\/calidad-baja.jpg\" alt=\"\" width=\"344\" height=\"258\" srcset=\"https:\/\/static-blogs.hoy.es\/wp-content\/uploads\/sites\/22\/2012\/03\/calidad-baja.jpg 4000w, https:\/\/static-blogs.hoy.es\/wp-content\/uploads\/sites\/22\/2012\/03\/calidad-baja-300x225.jpg 300w, https:\/\/static-blogs.hoy.es\/wp-content\/uploads\/sites\/22\/2012\/03\/calidad-baja-768x576.jpg 768w, https:\/\/static-blogs.hoy.es\/wp-content\/uploads\/sites\/22\/2012\/03\/calidad-baja-600x450.jpg 600w\" sizes=\"(max-width: 344px) 100vw, 344px\" \/><\/a><\/strong><\/p>\n<h2 style=\"text-align: left;\"><strong><a href=\"http:\/\/educatierra.es\/bsentidos\/\" target=\"_blank\" rel=\"external nofollow\">Barrunta Sentidos<\/a><\/strong> organiza una ruta guiada por el <strong>Valle del Jerte<\/strong>. La empresa placentina dedicada a promover la agricultura ecol\u00f3gica te invita a disfrutar del cerezo en flor m\u00e1s ecol\u00f3gico. La ruta, que incluye una comida agroecol\u00f3gica, tendr\u00e1 lugar el 7 de abril y partir\u00e1 de Navaconcejo.<\/h2>\n<h2 style=\"text-align: left;\"><strong>M\u00c1S DETALLES DE LA RUTA<\/strong><\/h2>\n<h2 style=\"text-align: left;\">De 10:30 al 18:30, 07 abril<\/h2>\n<h2 style=\"text-align: left;\">Acerca de este evento<\/h2>\n<h2 style=\"text-align: left;\">10:00-13:30 Paseo entre cerezos y cascadas<\/h2>\n<h2 style=\"text-align: left;\">Aprovecharemos para aprender sobre las plantas silvestres que nos ofrece la primavera, reonocerlas, descubrir sus saludables propiedades y sus aplicaciones.<\/h2>\n<h2 style=\"text-align: left;\">\u00a014:00 &#8211; 16:30 Comida agroecol\u00f3gica<\/h2>\n<h2 style=\"text-align: left;\">Verduras y carne a elegir&#8230;<\/h2>\n<h2 style=\"text-align: left;\">Recupera los sabores y la salud que te ofrecen los alimentos agroecol\u00f3gicos, adem\u00e1s en el campo todo sabe mejor&#8230;<\/h2>\n<h2 style=\"text-align: left;\">En una finca bajo un manejo agroecol\u00f3gico, en un lugar desde el que se divisa un gran paisaje.<\/h2>\n<h2 style=\"text-align: left;\">Disfrutaras con todos tus sentidos!!!<\/h2>\n<h2 style=\"text-align: left;\">17:00 -18:00 Aprende algo m\u00e1s del cerezo.<\/h2>\n<h2 style=\"text-align: left;\">Aprovecha tu estancia entre cerezos para descubrir como es el trabajo de estos cultivos, aprende sobre el manejo del suelo, sobre el funcionamiento de los \u00e1rboles&#8230;y sobre todo vivir y compartir experiencias.<\/h2>\n<h2 style=\"text-align: left;\">Precio: 45 euros<\/h2>\n<h2 style=\"text-align: left;\">Reportaje fotogr\u00e1fico: te damos la opci\u00f3n de que te olvides de la c\u00e1mara, el tiempo que estas haciendo fotograf\u00edas tus ojos se pierden esas im\u00e1genes que quedan estampadas para siempre en tu memoria y tu recuerdo. Nosotros te haremos fotograf\u00edas, individuales, grupales de paisajes, de flores,&#8230;te las entregamos en un CD al finalizar el d\u00eda.<\/h2>\n<!-- AddThis Advanced Settings generic via filter on the_content --><!-- AddThis Share Buttons generic via filter on the_content -->","protected":false},"excerpt":{"rendered":"<p>Barrunta Sentidos organiza una ruta guiada por el Valle del Jerte. La empresa placentina dedicada a promover la agricultura ecol\u00f3gica te invita a disfrutar del cerezo en flor m\u00e1s ecol\u00f3gico. La ruta, que incluye una comida agroecol\u00f3gica, tendr\u00e1 lugar el 7 de abril y partir\u00e1 de Navaconcejo. M\u00c1S DETALLES DE LA RUTA De 10:30 al [&hellip;]<!-- AddThis Advanced Settings generic via filter on get_the_excerpt --><!-- AddThis Share Buttons generic via filter on get_the_excerpt --><\/p>\n","protected":false},"author":27,"featured_media":0,"comment_status":"open","ping_status":"closed","sticky":false,"template":"","format":"standard","meta":[],"categories":[4],"tags":[],"_links":{"self":[{"href":"https:\/\/blogs.hoy.es\/senderosextremadura\/wp-json\/wp\/v2\/posts\/248"}],"collection":[{"href":"https:\/\/blogs.hoy.es\/senderosextremadura\/wp-json\/wp\/v2\/posts"}],"about":[{"href":"https:\/\/blogs.hoy.es\/senderosextremadura\/wp-json\/wp\/v2\/types\/post"}],"author":[{"embeddable":true,"href":"https:\/\/blogs.hoy.es\/senderosextremadura\/wp-json\/wp\/v2\/users\/27"}],"replies":[{"embeddable":true,"href":"https:\/\/blogs.hoy.es\/senderosextremadura\/wp-json\/wp\/v2\/comments?post=248"}],"version-history":[{"count":0,"href":"https:\/\/blogs.hoy.es\/senderosextremadura\/wp-json\/wp\/v2\/posts\/248\/revisions"}],"wp:attachment":[{"href":"https:\/\/blogs.hoy.es\/senderosextremadura\/wp-json\/wp\/v2\/media?parent=248"}],"wp:term":[{"taxonomy":"category","embeddable":true,"href":"https:\/\/blogs.hoy.es\/senderosextremadura\/wp-json\/wp\/v2\/categories?post=248"},{"taxonomy":"post_tag","embeddable":true,"href":"https:\/\/blogs.hoy.es\/senderosextremadura\/wp-json\/wp\/v2\/tags?post=248"}],"curies":[{"name":"wp","href":"https:\/\/api.w.org\/{rel}","templated":true}]}}