{"id":2482,"date":"2014-02-05T10:15:37","date_gmt":"2014-02-05T10:15:37","guid":{"rendered":"http:\/\/blogs.hoy.es\/senderosextremadura\/?p=2482"},"modified":"2014-02-05T10:15:37","modified_gmt":"2014-02-05T10:15:37","slug":"iv-subida-a-la-sierra-oliventina-de-alor-16-de-febrero","status":"publish","type":"post","link":"https:\/\/blogs.hoy.es\/senderosextremadura\/2014\/02\/05\/iv-subida-a-la-sierra-oliventina-de-alor-16-de-febrero\/","title":{"rendered":"IV Subida a la sierra oliventina de Alor (16 de febrero)"},"content":{"rendered":"<div>\n<p><a href=\"https:\/\/blogs.hoy.es\/senderosextremadura\/\"><img loading=\"lazy\" class=\"aligncenter  wp-image-2483\" title=\"\" src=\"\/senderosextremadura\/wp-content\/uploads\/sites\/22\/2014\/02\/oli.-ruta-vila-raiders.jpg\" alt=\"\" width=\"496\" height=\"372\" srcset=\"https:\/\/static-blogs.hoy.es\/wp-content\/uploads\/sites\/22\/2014\/02\/oli.-ruta-vila-raiders.jpg 680w, https:\/\/static-blogs.hoy.es\/wp-content\/uploads\/sites\/22\/2014\/02\/oli.-ruta-vila-raiders-300x225.jpg 300w, https:\/\/static-blogs.hoy.es\/wp-content\/uploads\/sites\/22\/2014\/02\/oli.-ruta-vila-raiders-600x450.jpg 600w\" sizes=\"(max-width: 496px) 100vw, 496px\" \/><\/a><\/p>\n<p>A\u00fan contin\u00faa abierto el plazo de inscripci\u00f3n para participar en la <strong>IV Subida a la Sierra de Alor<\/strong>, enmarcada en el circuito de rutas senderistas &#8216;<strong>Camina Extremadura 2014<\/strong>&#8216; <a href=\"https:\/\/blogs.hoy.es\/senderosextremadura\/2013\/12\/18\/calendario-de-rutas-camina-extremadura-2014\/\"><strong>(consulta el resto del calendario<\/strong><\/a>) que desarrollar\u00e1 el<strong> Club Vila Raiders<\/strong> el pr\u00f3ximo 16 de febrero dentro del proyecto Kilogramos por Kil\u00f3metros.<\/p>\n<p><!--more--><\/p>\n<p>\u00adSe trata de la segunda ruta solidaria que pone en marcha el club de orientaci\u00f3n para obtener fondos y conseguir una caravana de alimentos que m\u00e1s tarde ser\u00e1n donados a una ONG Extreme\u00f1a, la Asociaci\u00f3n de Amigos y Amigas del Pueblo Saharaui, y al Banco de Alimentos de Badajoz y Olivenza, con el esfuerzo del oliventino Gonzalo De La Granja, que participar\u00e1 en el pr\u00f3ximo mes de abril en el Marathon Des Sables por el desierto sahariano.<\/p>\n<p>\u00adLa ruta contar\u00e1 con dos recorridos para dar participaci\u00f3n a senderistas noveles e iniciados. Uno de ellos tendr\u00e1 24 kil\u00f3metros de distancia y llegar\u00e1 hasta los 605 metros de la cima de la sierra y otro de 14 kil\u00f3metros que sube hasta una altitud de 364 metros.<\/p>\n<p>\u00adLa IV subida a la Sierra de Alor partir\u00e1 del Hotel Heredero a las 9.00 horas, en cualquiera de sus modalidades. A las 14.00 horas se servir\u00e1 una comida en el mismo lugar.<\/p>\n<p>\u00adLa inscripci\u00f3n se realizar\u00e1 rellenando el formulario on-line y confirm\u00e1ndola mediante el pago del importe correspondiente, que ser\u00e1 de 6\u20ac para los inscritos con licencia Fedme o Fexme v\u00e1lida del a\u00f1o 2014; y de 8\u20ac para todo aquel que no posea dichas licencias federativas. El ingreso se realizar\u00e1 en la cuenta de Caja Rural de Extremadura 3009-0011-14-2286282112.<\/p>\n<p>\u00adLa fecha de finalizaci\u00f3n de inscripciones ser\u00e1 el d\u00eda 15 de febrero.<\/p>\n<p>\u00adAdem\u00e1s, desde el club esperan la colaboraci\u00f3n ciudadana con la aportaci\u00f3n de kilos de comida, destinado al proyecto solidario.<\/p>\n<p>\u00adPara m\u00e1s informaci\u00f3n pueden contactar en el correo electr\u00f3nico info@vilaraiders.es.<\/p>\n<p>\u00adAdem\u00e1s pueden contactar en la web <a href=\"http:\/\/www.vilaraiders.es\/\" rel=\"external nofollow\">www.vilaraiders.es<\/a>, donde se puede encontrar el formulario de inscripci\u00f3n.<\/p>\n<p>\u00ad<strong>Proyecto solidario<\/strong><\/p>\n<p>\u00adRecordar que el proyecto dio comienzo en el pasado mes de noviembre y contempla una serie de actividades complementarias a la carrera del oliventino Gonzalo De La Granja Villoslada por el desierto del S\u00e1hara, para conseguir una caravana de alimentos que m\u00e1s tarde ser\u00e1n donados a una ONG Extreme\u00f1a, la Asociaci\u00f3n de Amigos y Amigas del Pueblo Saharaui, y al Banco de Alimentos de Badajoz y Olivenza.<\/p>\n<p>\u00adSe desarrollar\u00e1n hasta el mes marzo e incluyen una Quedada en BTT; Paseo en kayak y D\u00eda multiaventuras, entre otras que ya han tenido lugar.<\/p>\n<p>\u00adPor ahora el Club de Orientaci\u00f3n Vila Raiders ha conseguido recaudar unos 900 kilogramos de alimentos repartidos entre Cruz Roja Olivenza y la Asociaci\u00f3n de Amigos y Amigas del Pueblo Saharahui.<\/p>\n<p>Fuente: <a href=\"http:\/\/www.hoyolivenza.es\/\" rel=\"external nofollow\"><strong>HOY Olivenza<\/strong><\/a>, por Laura Gonz\u00e1lez<\/p>\n<\/div>\n<!-- AddThis Advanced Settings generic via filter on the_content --><!-- AddThis Share Buttons generic via filter on the_content -->","protected":false},"excerpt":{"rendered":"<p>A\u00fan contin\u00faa abierto el plazo de inscripci\u00f3n para participar en la IV Subida a la Sierra de Alor, enmarcada en el circuito de rutas senderistas &#8216;Camina Extremadura 2014&#8216; (consulta el resto del calendario) que desarrollar\u00e1 el Club Vila Raiders el pr\u00f3ximo 16 de febrero dentro del proyecto Kilogramos por Kil\u00f3metros.<!-- AddThis Advanced Settings generic via filter on get_the_excerpt --><!-- AddThis Share Buttons generic via filter on get_the_excerpt --><\/p>\n","protected":false},"author":27,"featured_media":0,"comment_status":"open","ping_status":"closed","sticky":false,"template":"","format":"standard","meta":[],"categories":[4],"tags":[],"_links":{"self":[{"href":"https:\/\/blogs.hoy.es\/senderosextremadura\/wp-json\/wp\/v2\/posts\/2482"}],"collection":[{"href":"https:\/\/blogs.hoy.es\/senderosextremadura\/wp-json\/wp\/v2\/posts"}],"about":[{"href":"https:\/\/blogs.hoy.es\/senderosextremadura\/wp-json\/wp\/v2\/types\/post"}],"author":[{"embeddable":true,"href":"https:\/\/blogs.hoy.es\/senderosextremadura\/wp-json\/wp\/v2\/users\/27"}],"replies":[{"embeddable":true,"href":"https:\/\/blogs.hoy.es\/senderosextremadura\/wp-json\/wp\/v2\/comments?post=2482"}],"version-history":[{"count":0,"href":"https:\/\/blogs.hoy.es\/senderosextremadura\/wp-json\/wp\/v2\/posts\/2482\/revisions"}],"wp:attachment":[{"href":"https:\/\/blogs.hoy.es\/senderosextremadura\/wp-json\/wp\/v2\/media?parent=2482"}],"wp:term":[{"taxonomy":"category","embeddable":true,"href":"https:\/\/blogs.hoy.es\/senderosextremadura\/wp-json\/wp\/v2\/categories?post=2482"},{"taxonomy":"post_tag","embeddable":true,"href":"https:\/\/blogs.hoy.es\/senderosextremadura\/wp-json\/wp\/v2\/tags?post=2482"}],"curies":[{"name":"wp","href":"https:\/\/api.w.org\/{rel}","templated":true}]}}