{"id":2485,"date":"2014-02-05T17:00:49","date_gmt":"2014-02-05T17:00:49","guid":{"rendered":"http:\/\/blogs.hoy.es\/senderosextremadura\/?p=2485"},"modified":"2014-02-05T17:00:49","modified_gmt":"2014-02-05T17:00:49","slug":"ruta-solidaria-los-maquis-9-de-febrero","status":"publish","type":"post","link":"https:\/\/blogs.hoy.es\/senderosextremadura\/2014\/02\/05\/ruta-solidaria-los-maquis-9-de-febrero\/","title":{"rendered":"Ruta solidaria &#039;Los maquis&#039; (9 de febrero)"},"content":{"rendered":"<p><a href=\"https:\/\/blogs.hoy.es\/senderosextremadura\/2014\/02\/05\/ruta-solidaria-los-maquis-9-de-febrero\/losareno\/\" rel=\"attachment wp-att-2486\"><img loading=\"lazy\" class=\"aligncenter size-full wp-image-2486\" title=\"Parte del grupo senderista losare\u00f1o. :: C.P.L.\" src=\"\/senderosextremadura\/wp-content\/uploads\/sites\/22\/2014\/02\/losareno.jpg\" alt=\"\" width=\"300\" height=\"168\" \/><\/a>E.G.R. | Recaudar alimentos para los m\u00e1s necesitados y conocer algo m\u00e1s del asentamiento de los maquis de la poblaci\u00f3n en la zona es el objetivo de la pr\u00f3xima ruta que organiza la secci\u00f3n de monta\u00f1a del C.P. Losare\u00f1o. Precisamente as\u00ed la han bautizado, &#8216;Ruta solidaria Los Maquis&#8217;, que partir\u00e1 de Losar el pr\u00f3ximo domingo.<!--more--><\/p>\n<div>\n<div id=\"noticia-pestanas\">\n<div id=\"ccronica\">\n<div>\n<p>Los interesados en participar deber\u00e1n entregar al menos dos kilos de alimentos no perecederos en la plaza de la Vi\u00f1uela justo antes de la salida, a las nueve y media de la ma\u00f1ana, que con posterioridad se entregar\u00e1n al Banco de Alimentos de Losar. Desde la organizaci\u00f3n se se\u00f1ala que la marcha, de dificultar baja, es apta para ni\u00f1os, si bien tendr\u00e1n que acudir acompa\u00f1ados de un adulto. La distancia a cubrir es de diez kil\u00f3metros y la duraci\u00f3n de cuatro horas y media.<\/p>\n<p><strong>Visita a los chozos<\/strong><\/p>\n<p>Entre las actividades divulgativas previstas est\u00e1 la visita una zona con chozos ubicados en la sierra de Gredos en los que, seg\u00fan relatan los mayores del municipio, estuvieron escondidos los maquis del pueblo tras finalizar la Guerra Civil.<\/p>\n<\/div>\n<\/div>\n<\/div>\n<\/div>\n<!-- AddThis Advanced Settings generic via filter on the_content --><!-- AddThis Share Buttons generic via filter on the_content -->","protected":false},"excerpt":{"rendered":"<p>E.G.R. | Recaudar alimentos para los m\u00e1s necesitados y conocer algo m\u00e1s del asentamiento de los maquis de la poblaci\u00f3n en la zona es el objetivo de la pr\u00f3xima ruta que organiza la secci\u00f3n de monta\u00f1a del C.P. Losare\u00f1o. Precisamente as\u00ed la han bautizado, &#8216;Ruta solidaria Los Maquis&#8217;, que partir\u00e1 de Losar el pr\u00f3ximo domingo.<!-- AddThis Advanced Settings generic via filter on get_the_excerpt --><!-- AddThis Share Buttons generic via filter on get_the_excerpt --><\/p>\n","protected":false},"author":27,"featured_media":0,"comment_status":"open","ping_status":"closed","sticky":false,"template":"","format":"standard","meta":[],"categories":[4],"tags":[461,462,785,821,836],"_links":{"self":[{"href":"https:\/\/blogs.hoy.es\/senderosextremadura\/wp-json\/wp\/v2\/posts\/2485"}],"collection":[{"href":"https:\/\/blogs.hoy.es\/senderosextremadura\/wp-json\/wp\/v2\/posts"}],"about":[{"href":"https:\/\/blogs.hoy.es\/senderosextremadura\/wp-json\/wp\/v2\/types\/post"}],"author":[{"embeddable":true,"href":"https:\/\/blogs.hoy.es\/senderosextremadura\/wp-json\/wp\/v2\/users\/27"}],"replies":[{"embeddable":true,"href":"https:\/\/blogs.hoy.es\/senderosextremadura\/wp-json\/wp\/v2\/comments?post=2485"}],"version-history":[{"count":0,"href":"https:\/\/blogs.hoy.es\/senderosextremadura\/wp-json\/wp\/v2\/posts\/2485\/revisions"}],"wp:attachment":[{"href":"https:\/\/blogs.hoy.es\/senderosextremadura\/wp-json\/wp\/v2\/media?parent=2485"}],"wp:term":[{"taxonomy":"category","embeddable":true,"href":"https:\/\/blogs.hoy.es\/senderosextremadura\/wp-json\/wp\/v2\/categories?post=2485"},{"taxonomy":"post_tag","embeddable":true,"href":"https:\/\/blogs.hoy.es\/senderosextremadura\/wp-json\/wp\/v2\/tags?post=2485"}],"curies":[{"name":"wp","href":"https:\/\/api.w.org\/{rel}","templated":true}]}}