{"id":2489,"date":"2014-02-07T10:07:53","date_gmt":"2014-02-07T10:07:53","guid":{"rendered":"http:\/\/blogs.hoy.es\/senderosextremadura\/?p=2489"},"modified":"2014-02-07T10:07:53","modified_gmt":"2014-02-07T10:07:53","slug":"ruta-a-la-cueva-de-la-charneca-9-de-febrero","status":"publish","type":"post","link":"https:\/\/blogs.hoy.es\/senderosextremadura\/2014\/02\/07\/ruta-a-la-cueva-de-la-charneca-9-de-febrero\/","title":{"rendered":"Ruta a la Cueva de la Charneca (9 de febrero)"},"content":{"rendered":"<div id=\"attachment_2490\" style=\"width: 553px\" class=\"wp-caption aligncenter\"><a href=\"https:\/\/blogs.hoy.es\/senderosextremadura\/2014\/02\/07\/ruta-a-la-cueva-de-la-charneca-9-de-febrero\/charneca\/\" rel=\"attachment wp-att-2490\"><img aria-describedby=\"caption-attachment-2490\" loading=\"lazy\" class=\"size-full wp-image-2490\" title=\"\" src=\"\/senderosextremadura\/wp-content\/uploads\/sites\/22\/2014\/02\/charneca.jpg\" alt=\"\" width=\"543\" height=\"400\" srcset=\"https:\/\/static-blogs.hoy.es\/wp-content\/uploads\/sites\/22\/2014\/02\/charneca.jpg 543w, https:\/\/static-blogs.hoy.es\/wp-content\/uploads\/sites\/22\/2014\/02\/charneca-300x221.jpg 300w\" sizes=\"(max-width: 543px) 100vw, 543px\" \/><\/a><p id=\"caption-attachment-2490\" class=\"wp-caption-text\">Interior de la cueva:: Valdearenales<\/p><\/div>\n<p>Los <strong>senderistas de Guare\u00f1a<\/strong> realizan este domingo la ya cl\u00e1sica ruta a &#8216;la Cueva de la Charneca&#8217;. Seg\u00fan informa el Club Valdearenales, saldr\u00e1n a las 9:00 del Centro Socio Cultura &#8220;San Gines&#8221; de la localidad pacense. Ser\u00e1n 14 kil\u00f3metros de recorrido en un trayecto de dificultad media-baja.<!--more--><\/p>\n<p>Todas sus rutas se realizan en domingo, y carecen de dificultad, por lo que est\u00e1n indicadas para cualquier tipo de personas y condici\u00f3n f\u00edsica, de modo que pueden acompa\u00f1arles cualquier persona que est\u00e9 dispuesta a descubrir los paisajes y rincones m\u00e1s bellos de nuestra geograf\u00eda.<\/p>\n<p>M\u00e1s informaci\u00f3n en la <a href=\"http:\/\/clubdesendederismovaldearenales.blogspot.com.es\/\" rel=\"external nofollow\"><strong>web del club<\/strong><\/a>.<\/p>\n<!-- AddThis Advanced Settings generic via filter on the_content --><!-- AddThis Share Buttons generic via filter on the_content -->","protected":false},"excerpt":{"rendered":"<p>Los senderistas de Guare\u00f1a realizan este domingo la ya cl\u00e1sica ruta a &#8216;la Cueva de la Charneca&#8217;. Seg\u00fan informa el Club Valdearenales, saldr\u00e1n a las 9:00 del Centro Socio Cultura &#8220;San Gines&#8221; de la localidad pacense. Ser\u00e1n 14 kil\u00f3metros de recorrido en un trayecto de dificultad media-baja.<!-- AddThis Advanced Settings generic via filter on get_the_excerpt --><!-- AddThis Share Buttons generic via filter on get_the_excerpt --><\/p>\n","protected":false},"author":27,"featured_media":0,"comment_status":"open","ping_status":"closed","sticky":false,"template":"","format":"standard","meta":[],"categories":[4],"tags":[372,715,817,836,906,944],"_links":{"self":[{"href":"https:\/\/blogs.hoy.es\/senderosextremadura\/wp-json\/wp\/v2\/posts\/2489"}],"collection":[{"href":"https:\/\/blogs.hoy.es\/senderosextremadura\/wp-json\/wp\/v2\/posts"}],"about":[{"href":"https:\/\/blogs.hoy.es\/senderosextremadura\/wp-json\/wp\/v2\/types\/post"}],"author":[{"embeddable":true,"href":"https:\/\/blogs.hoy.es\/senderosextremadura\/wp-json\/wp\/v2\/users\/27"}],"replies":[{"embeddable":true,"href":"https:\/\/blogs.hoy.es\/senderosextremadura\/wp-json\/wp\/v2\/comments?post=2489"}],"version-history":[{"count":0,"href":"https:\/\/blogs.hoy.es\/senderosextremadura\/wp-json\/wp\/v2\/posts\/2489\/revisions"}],"wp:attachment":[{"href":"https:\/\/blogs.hoy.es\/senderosextremadura\/wp-json\/wp\/v2\/media?parent=2489"}],"wp:term":[{"taxonomy":"category","embeddable":true,"href":"https:\/\/blogs.hoy.es\/senderosextremadura\/wp-json\/wp\/v2\/categories?post=2489"},{"taxonomy":"post_tag","embeddable":true,"href":"https:\/\/blogs.hoy.es\/senderosextremadura\/wp-json\/wp\/v2\/tags?post=2489"}],"curies":[{"name":"wp","href":"https:\/\/api.w.org\/{rel}","templated":true}]}}