{"id":2492,"date":"2014-02-07T10:13:47","date_gmt":"2014-02-07T10:13:47","guid":{"rendered":"http:\/\/blogs.hoy.es\/senderosextremadura\/?p=2492"},"modified":"2014-02-07T10:13:47","modified_gmt":"2014-02-07T10:13:47","slug":"ruta-hasta-las-ruinas-hispanorromanas-de-hornachuelos-9-de-febrero","status":"publish","type":"post","link":"https:\/\/blogs.hoy.es\/senderosextremadura\/2014\/02\/07\/ruta-hasta-las-ruinas-hispanorromanas-de-hornachuelos-9-de-febrero\/","title":{"rendered":"Ruta hasta las ruinas hispanorromanas de Hornachuelos (9 de febrero)"},"content":{"rendered":"<div><a href=\"https:\/\/blogs.hoy.es\/senderosextremadura\/2014\/02\/07\/ruta-hasta-las-ruinas-hispanorromanas-de-hornachuelos-9-de-febrero\/hornachuelos\/\" rel=\"attachment wp-att-2494\"><img loading=\"lazy\" class=\"aligncenter  wp-image-2494\" title=\"\" src=\"\/senderosextremadura\/wp-content\/uploads\/sites\/22\/2014\/02\/hornachuelos.jpg\" alt=\"\" width=\"524\" height=\"393\" srcset=\"https:\/\/static-blogs.hoy.es\/wp-content\/uploads\/sites\/22\/2014\/02\/hornachuelos.jpg 712w, https:\/\/static-blogs.hoy.es\/wp-content\/uploads\/sites\/22\/2014\/02\/hornachuelos-300x225.jpg 300w, https:\/\/static-blogs.hoy.es\/wp-content\/uploads\/sites\/22\/2014\/02\/hornachuelos-600x450.jpg 600w\" sizes=\"(max-width: 524px) 100vw, 524px\" \/><\/a><\/div>\n<div><\/div>\n<div>JUAN FRANCISCO LLANO | La Asociaci\u00f3n Senderista Cultural &#8216;La Verea&#8217; ha organizado una ruta al Cerro de Hornachuelos (compuesto por una necr\u00f3polis, un aljibe y el Oppidum), en Ribera del Fresno (Badajoz). La marcha se celebrar\u00e1 el pr\u00f3ximo domingo d\u00eda 9 de febrero, con salida a las 8:15 horas desde la puerta de la Universidad Popular de Los Santos de Maimona. Se trata de una ruta circular de unos 17 kms. y de dificultad media-baja.<\/div>\n<div><!--more--><\/div>\n<div><\/div>\n<div>Al terminar se visitar\u00e1 el Centro de Interpretaci\u00f3n de Hornachuelos, donde se podr\u00e1 ampliar conocimientos sobre lo que se ver\u00e1 en la cima del cerro. Se trata de una marcha muy atractiva para los amantes de la historia, ya que todos los indicios apoyan la identificaci\u00f3n del Oppidum hispanorromano de Fornacis con las ruinas localizados en el Cerro de Hornachuelos.<\/div>\n<p><a href=\"https:\/\/blogs.hoy.es\/senderosextremadura\/2014\/02\/07\/ruta-hasta-las-ruinas-hispanorromanas-de-hornachuelos-9-de-febrero\/metros\/\" rel=\"attachment wp-att-2495\"><img loading=\"lazy\" class=\"aligncenter  wp-image-2495\" title=\"\" src=\"\/senderosextremadura\/wp-content\/uploads\/sites\/22\/2014\/02\/metros.jpg\" alt=\"\" width=\"566\" height=\"424\" srcset=\"https:\/\/static-blogs.hoy.es\/wp-content\/uploads\/sites\/22\/2014\/02\/metros.jpg 712w, https:\/\/static-blogs.hoy.es\/wp-content\/uploads\/sites\/22\/2014\/02\/metros-300x225.jpg 300w, https:\/\/static-blogs.hoy.es\/wp-content\/uploads\/sites\/22\/2014\/02\/metros-600x450.jpg 600w\" sizes=\"(max-width: 566px) 100vw, 566px\" \/><\/a><\/p>\n<div>El Cerro Hornachuelos est\u00e1 formado por ruinas del siglo III al II A.C. Fue dado a conocer a finales del XIX por el marqu\u00e9s de Monsalud (1898) y por J.R M\u00e9lida (1925). Posteriormente J. Mallon y T. Marin (1951) hacen eco de este hallazgo. Con estos precedentes en 1982 se realiza un trabajo de investigaci\u00f3n. A consecuencia de los destrozos causados en un sector del yacimiento se decide en 1986 con el Profesor Titular de la Universidad de Extremadura Don Alonso Rodr\u00edguez D\u00edaz, como Director del Proyecto, emprender con car\u00e1cter de urgencia una excavaci\u00f3n en el yacimiento ribere\u00f1o. Las actuaciones del Proyecto V\u00eda de la Plata en Hornachuelos han supuesto su recuperaci\u00f3n y puesta en valor a la vez que la creaci\u00f3n de su Centro de Interpretaci\u00f3n en una de las dependencias de la casa de la Cultura del Ayuntamiento de Ribera del Fresno, antes Casa Palacio del Se\u00f1or\u00edo de Valmoreno.<\/div>\n<div><\/div>\n<div>Las sucesivas excavaciones han demostrado que Hornachuelos estuvo poblado a finales de la EDAD DEL COBRE O CALCOL\u00cdTICO (2.000-1.800 A.C.) siendo un tipo de poblado propio de la Cuenca Media del Guadiana.<\/div>\n<div><\/div>\n<div>Para las personas que est\u00e9n interesadas, los gastos de desplazamiento son de dos euros para socios y de tres para no socios.<\/div>\n<!-- AddThis Advanced Settings generic via filter on the_content --><!-- AddThis Share Buttons generic via filter on the_content -->","protected":false},"excerpt":{"rendered":"<p>JUAN FRANCISCO LLANO | La Asociaci\u00f3n Senderista Cultural &#8216;La Verea&#8217; ha organizado una ruta al Cerro de Hornachuelos (compuesto por una necr\u00f3polis, un aljibe y el Oppidum), en Ribera del Fresno (Badajoz). La marcha se celebrar\u00e1 el pr\u00f3ximo domingo d\u00eda 9 de febrero, con salida a las 8:15 horas desde la puerta de la Universidad [&hellip;]<!-- AddThis Advanced Settings generic via filter on get_the_excerpt --><!-- AddThis Share Buttons generic via filter on get_the_excerpt --><\/p>\n","protected":false},"author":27,"featured_media":0,"comment_status":"open","ping_status":"closed","sticky":false,"template":"","format":"standard","meta":[],"categories":[4],"tags":[],"_links":{"self":[{"href":"https:\/\/blogs.hoy.es\/senderosextremadura\/wp-json\/wp\/v2\/posts\/2492"}],"collection":[{"href":"https:\/\/blogs.hoy.es\/senderosextremadura\/wp-json\/wp\/v2\/posts"}],"about":[{"href":"https:\/\/blogs.hoy.es\/senderosextremadura\/wp-json\/wp\/v2\/types\/post"}],"author":[{"embeddable":true,"href":"https:\/\/blogs.hoy.es\/senderosextremadura\/wp-json\/wp\/v2\/users\/27"}],"replies":[{"embeddable":true,"href":"https:\/\/blogs.hoy.es\/senderosextremadura\/wp-json\/wp\/v2\/comments?post=2492"}],"version-history":[{"count":0,"href":"https:\/\/blogs.hoy.es\/senderosextremadura\/wp-json\/wp\/v2\/posts\/2492\/revisions"}],"wp:attachment":[{"href":"https:\/\/blogs.hoy.es\/senderosextremadura\/wp-json\/wp\/v2\/media?parent=2492"}],"wp:term":[{"taxonomy":"category","embeddable":true,"href":"https:\/\/blogs.hoy.es\/senderosextremadura\/wp-json\/wp\/v2\/categories?post=2492"},{"taxonomy":"post_tag","embeddable":true,"href":"https:\/\/blogs.hoy.es\/senderosextremadura\/wp-json\/wp\/v2\/tags?post=2492"}],"curies":[{"name":"wp","href":"https:\/\/api.w.org\/{rel}","templated":true}]}}