{"id":2497,"date":"2014-02-09T11:20:53","date_gmt":"2014-02-09T11:20:53","guid":{"rendered":"http:\/\/blogs.hoy.es\/senderosextremadura\/?p=2497"},"modified":"2014-02-09T11:20:53","modified_gmt":"2014-02-09T11:20:53","slug":"ruta-de-los-moriscos-por-la-sierra-de-hornachos-16-de-febrero","status":"publish","type":"post","link":"https:\/\/blogs.hoy.es\/senderosextremadura\/2014\/02\/09\/ruta-de-los-moriscos-por-la-sierra-de-hornachos-16-de-febrero\/","title":{"rendered":"Ruta de Los Moriscos por la Sierra de Hornachos (16 de febrero)"},"content":{"rendered":"<p><a href=\"https:\/\/blogs.hoy.es\/senderosextremadura\/2014\/02\/09\/ruta-de-los-moriscos-por-la-sierra-de-hornachos-16-de-febrero\/ruta-hornachos\/\" rel=\"attachment wp-att-2499\"><img loading=\"lazy\" class=\"aligncenter size-large wp-image-2499\" title=\"\" src=\"\/senderosextremadura\/wp-content\/uploads\/sites\/22\/2014\/02\/ruta-hornachos.jpg\" alt=\"\" width=\"600\" height=\"435\" srcset=\"https:\/\/static-blogs.hoy.es\/wp-content\/uploads\/sites\/22\/2014\/02\/ruta-hornachos.jpg 786w, https:\/\/static-blogs.hoy.es\/wp-content\/uploads\/sites\/22\/2014\/02\/ruta-hornachos-300x218.jpg 300w, https:\/\/static-blogs.hoy.es\/wp-content\/uploads\/sites\/22\/2014\/02\/ruta-hornachos-768x557.jpg 768w, https:\/\/static-blogs.hoy.es\/wp-content\/uploads\/sites\/22\/2014\/02\/ruta-hornachos-600x435.jpg 600w\" sizes=\"(max-width: 600px) 100vw, 600px\" \/><\/a><a href=\"http:\/\/www.hoy.es\/multimedia\/fotos\/ultimos\/95202-ruta-senderista-sierra-hornachos-0.html\"><br \/>\n<\/a><\/p>\n<p><a href=\"http:\/\/www.hoy.es\/multimedia\/fotos\/ultimos\/95202-ruta-senderista-sierra-hornachos-0.html\" rel=\"external nofollow\"><strong>GALER\u00cdA: La ruta, en im\u00e1genes<\/strong><\/a><\/p>\n<p>Explorer se desplaza el pr\u00f3ximo domingo 16 de febrero hasta Hornachos (Badajoz) para realizar la conocida &#8216;Ruta de los Moriscos&#8217;. Se trata de una marchas de 15 kil\u00f3metros y dificultad media por la sierra desde la que se divisan espectaculares vistas de la localidad pacense y su entorno.<!--more--><\/p>\n<p>&nbsp;<\/p>\n<p>INSCRIPCI\u00d3N ONLINE : <a href=\"http:\/\/www.reunalia.com\/v03\/inscripciones\/inscripcion_paso2.aspx?Evento=A54140D3998116A4&#038;Plaza=3521&#038;PlazaTarifa=33261&#038;if&#038;c\" rel=\"nofollow external\" target=\"_blank\">http:\/\/www.reunalia.com\/<wbr>v03\/inscripciones\/<wbr>inscripcion_paso2.aspx?Even<wbr>to=A54140D3998116A4&#038;Plaza=<wbr>3521&#038;PlazaTarifa=33261&#038;if&#038;<wbr>c<\/wbr><\/wbr><\/wbr><\/wbr><\/wbr><\/a><\/p>\n<p>SALIDA:<br \/>\n08,30h desde Badajoz (Aparcamientos Iglesia de San Jos\u00e9)<br \/>\n09,20h desde Almendralejo (Estaci\u00f3n de Servicio)<br \/>\n09,50h desde Villafranca de los Barros (Estaci\u00f3n de Servicio)<\/p>\n<p>REGRESO:<br \/>\n17,00h desde Hornachos<\/p>\n<p>&nbsp;<\/p>\n<p>CUOTA: 20 euros<br \/>\nINCLUYE: Traslados, gu\u00edaas, seguros, etc<\/p>\n<p>M\u00c1S INFORMACI\u00d3N: 902 999 163<\/p>\n<!-- AddThis Advanced Settings generic via filter on the_content --><!-- AddThis Share Buttons generic via filter on the_content -->","protected":false},"excerpt":{"rendered":"<p>GALER\u00cdA: La ruta, en im\u00e1genes Explorer se desplaza el pr\u00f3ximo domingo 16 de febrero hasta Hornachos (Badajoz) para realizar la conocida &#8216;Ruta de los Moriscos&#8217;. Se trata de una marchas de 15 kil\u00f3metros y dificultad media por la sierra desde la que se divisan espectaculares vistas de la localidad pacense y su entorno.<!-- AddThis Advanced Settings generic via filter on get_the_excerpt --><!-- AddThis Share Buttons generic via filter on get_the_excerpt --><\/p>\n","protected":false},"author":27,"featured_media":0,"comment_status":"open","ping_status":"closed","sticky":false,"template":"","format":"standard","meta":[],"categories":[4],"tags":[],"_links":{"self":[{"href":"https:\/\/blogs.hoy.es\/senderosextremadura\/wp-json\/wp\/v2\/posts\/2497"}],"collection":[{"href":"https:\/\/blogs.hoy.es\/senderosextremadura\/wp-json\/wp\/v2\/posts"}],"about":[{"href":"https:\/\/blogs.hoy.es\/senderosextremadura\/wp-json\/wp\/v2\/types\/post"}],"author":[{"embeddable":true,"href":"https:\/\/blogs.hoy.es\/senderosextremadura\/wp-json\/wp\/v2\/users\/27"}],"replies":[{"embeddable":true,"href":"https:\/\/blogs.hoy.es\/senderosextremadura\/wp-json\/wp\/v2\/comments?post=2497"}],"version-history":[{"count":0,"href":"https:\/\/blogs.hoy.es\/senderosextremadura\/wp-json\/wp\/v2\/posts\/2497\/revisions"}],"wp:attachment":[{"href":"https:\/\/blogs.hoy.es\/senderosextremadura\/wp-json\/wp\/v2\/media?parent=2497"}],"wp:term":[{"taxonomy":"category","embeddable":true,"href":"https:\/\/blogs.hoy.es\/senderosextremadura\/wp-json\/wp\/v2\/categories?post=2497"},{"taxonomy":"post_tag","embeddable":true,"href":"https:\/\/blogs.hoy.es\/senderosextremadura\/wp-json\/wp\/v2\/tags?post=2497"}],"curies":[{"name":"wp","href":"https:\/\/api.w.org\/{rel}","templated":true}]}}