{"id":2500,"date":"2014-02-12T12:45:21","date_gmt":"2014-02-12T12:45:21","guid":{"rendered":"http:\/\/blogs.hoy.es\/senderosextremadura\/?p=2500"},"modified":"2014-02-12T12:45:21","modified_gmt":"2014-02-12T12:45:21","slug":"ruta-pasada-por-agua-en-el-valle-del-esperaban-galeria","status":"publish","type":"post","link":"https:\/\/blogs.hoy.es\/senderosextremadura\/2014\/02\/12\/ruta-pasada-por-agua-en-el-valle-del-esperaban-galeria\/","title":{"rendered":"Ruta pasada por agua en el Valle del Esperab\u00e1n (GALER\u00cdA)"},"content":{"rendered":"<p><a href=\"https:\/\/blogs.hoy.es\/senderosextremadura\/\"><img loading=\"lazy\" class=\"aligncenter  wp-image-2501\" title=\"\" src=\"\/senderosextremadura\/wp-content\/uploads\/sites\/22\/2014\/02\/esperaban_n-8.jpg\" alt=\"\" width=\"458\" height=\"306\" srcset=\"https:\/\/static-blogs.hoy.es\/wp-content\/uploads\/sites\/22\/2014\/02\/esperaban_n-8.jpg 960w, https:\/\/static-blogs.hoy.es\/wp-content\/uploads\/sites\/22\/2014\/02\/esperaban_n-8-300x201.jpg 300w, https:\/\/static-blogs.hoy.es\/wp-content\/uploads\/sites\/22\/2014\/02\/esperaban_n-8-768x514.jpg 768w, https:\/\/static-blogs.hoy.es\/wp-content\/uploads\/sites\/22\/2014\/02\/esperaban_n-8-600x402.jpg 600w\" sizes=\"(max-width: 458px) 100vw, 458px\" \/><\/a><\/p>\n<p><a href=\"http:\/\/www.hoy.es\/multimedia\/fotos\/regional\/20140212\/ruta-esperabab-3072617590373-mm.html\" rel=\"external nofollow\"><strong>GALER\u00cdA DE FOTOS<\/strong><\/a><\/p>\n<p><strong>Conrado R. del Cosso<\/strong> comparte con nosotros las im\u00e1genes que tom\u00f3 en la <strong>ruta por el Valle del Esperab\u00e1n<\/strong> celebrada el pasado domingo. El recorrido por <strong>parajes de Las Hurdes<\/strong> result\u00f3 bastante duro por las malas condiciones meteorol\u00f3gicas.<\/p>\n<!-- AddThis Advanced Settings generic via filter on the_content --><!-- AddThis Share Buttons generic via filter on the_content -->","protected":false},"excerpt":{"rendered":"<p>GALER\u00cdA DE FOTOS Conrado R. del Cosso comparte con nosotros las im\u00e1genes que tom\u00f3 en la ruta por el Valle del Esperab\u00e1n celebrada el pasado domingo. El recorrido por parajes de Las Hurdes result\u00f3 bastante duro por las malas condiciones meteorol\u00f3gicas.<!-- AddThis Advanced Settings generic via filter on get_the_excerpt --><!-- AddThis Share Buttons generic via filter on get_the_excerpt --><\/p>\n","protected":false},"author":27,"featured_media":0,"comment_status":"open","ping_status":"closed","sticky":false,"template":"","format":"standard","meta":[],"categories":[3,4],"tags":[444,767,821,836],"_links":{"self":[{"href":"https:\/\/blogs.hoy.es\/senderosextremadura\/wp-json\/wp\/v2\/posts\/2500"}],"collection":[{"href":"https:\/\/blogs.hoy.es\/senderosextremadura\/wp-json\/wp\/v2\/posts"}],"about":[{"href":"https:\/\/blogs.hoy.es\/senderosextremadura\/wp-json\/wp\/v2\/types\/post"}],"author":[{"embeddable":true,"href":"https:\/\/blogs.hoy.es\/senderosextremadura\/wp-json\/wp\/v2\/users\/27"}],"replies":[{"embeddable":true,"href":"https:\/\/blogs.hoy.es\/senderosextremadura\/wp-json\/wp\/v2\/comments?post=2500"}],"version-history":[{"count":0,"href":"https:\/\/blogs.hoy.es\/senderosextremadura\/wp-json\/wp\/v2\/posts\/2500\/revisions"}],"wp:attachment":[{"href":"https:\/\/blogs.hoy.es\/senderosextremadura\/wp-json\/wp\/v2\/media?parent=2500"}],"wp:term":[{"taxonomy":"category","embeddable":true,"href":"https:\/\/blogs.hoy.es\/senderosextremadura\/wp-json\/wp\/v2\/categories?post=2500"},{"taxonomy":"post_tag","embeddable":true,"href":"https:\/\/blogs.hoy.es\/senderosextremadura\/wp-json\/wp\/v2\/tags?post=2500"}],"curies":[{"name":"wp","href":"https:\/\/api.w.org\/{rel}","templated":true}]}}