{"id":2508,"date":"2014-02-17T18:31:41","date_gmt":"2014-02-17T18:31:41","guid":{"rendered":"http:\/\/blogs.hoy.es\/senderosextremadura\/?p=2508"},"modified":"2014-02-17T18:31:41","modified_gmt":"2014-02-17T18:31:41","slug":"ruta-por-monfrague-23-de-febrero","status":"publish","type":"post","link":"https:\/\/blogs.hoy.es\/senderosextremadura\/2014\/02\/17\/ruta-por-monfrague-23-de-febrero\/","title":{"rendered":"Ruta por Monfrag\u00fce (23 de febrero)"},"content":{"rendered":"<p><a href=\"https:\/\/blogs.hoy.es\/senderosextremadura\/\"><img loading=\"lazy\" class=\"aligncenter  wp-image-2509\" title=\"\" src=\"\/senderosextremadura\/wp-content\/uploads\/sites\/22\/2014\/02\/monfrague1.jpg\" alt=\"\" width=\"479\" height=\"245\" srcset=\"https:\/\/static-blogs.hoy.es\/wp-content\/uploads\/sites\/22\/2014\/02\/monfrague1.jpg 780w, https:\/\/static-blogs.hoy.es\/wp-content\/uploads\/sites\/22\/2014\/02\/monfrague1-300x154.jpg 300w, https:\/\/static-blogs.hoy.es\/wp-content\/uploads\/sites\/22\/2014\/02\/monfrague1-768x394.jpg 768w, https:\/\/static-blogs.hoy.es\/wp-content\/uploads\/sites\/22\/2014\/02\/monfrague1-600x308.jpg 600w\" sizes=\"(max-width: 479px) 100vw, 479px\" \/><\/a><\/p>\n<p>La <a href=\"http:\/\/www.asociaciongeografica.com\/\" rel=\"external nofollow\"><strong>Asociaci\u00f3n de Actividades en la Naturaleza Geogr\u00e1fica<\/strong><\/a> vuelve el pr\u00f3ximo 23 de febrero al<strong> Parque Nacional de Monfrag\u00fce<\/strong>. El club pacense ha organizado una ruta de 13,5 kil\u00f3metros. No obstante, la marcha consta de dos tramos, pudi\u00e9ndose hacer uno o los dos. El primer tramo consta de 6 kms y el segundo,\u00a0 de 7,5 kms.<!--more--><\/p>\n<p>La actividad tiene un coste de 20 euros. Para m\u00e1s informaci\u00f3n, <a href=\"http:\/\/www.asociaciongeografica.com\/\" rel=\"external nofollow\"><strong>contactar con el club<\/strong> <\/a><\/p>\n<p>&nbsp;<\/p>\n<!-- AddThis Advanced Settings generic via filter on the_content --><!-- AddThis Share Buttons generic via filter on the_content -->","protected":false},"excerpt":{"rendered":"<p>La Asociaci\u00f3n de Actividades en la Naturaleza Geogr\u00e1fica vuelve el pr\u00f3ximo 23 de febrero al Parque Nacional de Monfrag\u00fce. El club pacense ha organizado una ruta de 13,5 kil\u00f3metros. No obstante, la marcha consta de dos tramos, pudi\u00e9ndose hacer uno o los dos. El primer tramo consta de 6 kms y el segundo,\u00a0 de 7,5 [&hellip;]<!-- AddThis Advanced Settings generic via filter on get_the_excerpt --><!-- AddThis Share Buttons generic via filter on get_the_excerpt --><\/p>\n","protected":false},"author":27,"featured_media":0,"comment_status":"open","ping_status":"closed","sticky":false,"template":"","format":"standard","meta":[],"categories":[4],"tags":[301,749,821,836,861,906,944,1035],"_links":{"self":[{"href":"https:\/\/blogs.hoy.es\/senderosextremadura\/wp-json\/wp\/v2\/posts\/2508"}],"collection":[{"href":"https:\/\/blogs.hoy.es\/senderosextremadura\/wp-json\/wp\/v2\/posts"}],"about":[{"href":"https:\/\/blogs.hoy.es\/senderosextremadura\/wp-json\/wp\/v2\/types\/post"}],"author":[{"embeddable":true,"href":"https:\/\/blogs.hoy.es\/senderosextremadura\/wp-json\/wp\/v2\/users\/27"}],"replies":[{"embeddable":true,"href":"https:\/\/blogs.hoy.es\/senderosextremadura\/wp-json\/wp\/v2\/comments?post=2508"}],"version-history":[{"count":0,"href":"https:\/\/blogs.hoy.es\/senderosextremadura\/wp-json\/wp\/v2\/posts\/2508\/revisions"}],"wp:attachment":[{"href":"https:\/\/blogs.hoy.es\/senderosextremadura\/wp-json\/wp\/v2\/media?parent=2508"}],"wp:term":[{"taxonomy":"category","embeddable":true,"href":"https:\/\/blogs.hoy.es\/senderosextremadura\/wp-json\/wp\/v2\/categories?post=2508"},{"taxonomy":"post_tag","embeddable":true,"href":"https:\/\/blogs.hoy.es\/senderosextremadura\/wp-json\/wp\/v2\/tags?post=2508"}],"curies":[{"name":"wp","href":"https:\/\/api.w.org\/{rel}","templated":true}]}}