{"id":2511,"date":"2014-02-17T18:42:38","date_gmt":"2014-02-17T18:42:38","guid":{"rendered":"http:\/\/blogs.hoy.es\/senderosextremadura\/?p=2511"},"modified":"2014-02-17T18:42:38","modified_gmt":"2014-02-17T18:42:38","slug":"la-ruta-penas-blancas-alcanza-su-decima-edicion-2-de-marzo","status":"publish","type":"post","link":"https:\/\/blogs.hoy.es\/senderosextremadura\/2014\/02\/17\/la-ruta-penas-blancas-alcanza-su-decima-edicion-2-de-marzo\/","title":{"rendered":"La Ruta &#039;Pe\u00f1as Blancas&#039; alcanza su d\u00e9cima edici\u00f3n (2 de marzo)"},"content":{"rendered":"<p>&nbsp;<\/p>\n<p><a href=\"https:\/\/blogs.hoy.es\/senderosextremadura\/2014\/02\/17\/la-ruta-penas-blancas-alcanza-su-decima-edicion-2-de-marzo\/penas-blancas1\/\" rel=\"attachment wp-att-2512\"><img loading=\"lazy\" class=\"aligncenter  wp-image-2512\" title=\"\" src=\"\/senderosextremadura\/wp-content\/uploads\/sites\/22\/2014\/02\/penas-blancas1.jpg\" alt=\"\" width=\"600\" height=\"307\" srcset=\"https:\/\/static-blogs.hoy.es\/wp-content\/uploads\/sites\/22\/2014\/02\/penas-blancas1.jpg 780w, https:\/\/static-blogs.hoy.es\/wp-content\/uploads\/sites\/22\/2014\/02\/penas-blancas1-300x154.jpg 300w, https:\/\/static-blogs.hoy.es\/wp-content\/uploads\/sites\/22\/2014\/02\/penas-blancas1-768x394.jpg 768w, https:\/\/static-blogs.hoy.es\/wp-content\/uploads\/sites\/22\/2014\/02\/penas-blancas1-600x308.jpg 600w\" sizes=\"(max-width: 600px) 100vw, 600px\" \/><\/a><\/p>\n<h4>La localidad pacense de La Zarza celebra este a\u00f1o la d\u00e9cima edici\u00f3n de su ruta Pe\u00f1as Blancas. Un recorrido de unos 18 kil\u00f3metros que la mayor\u00eda de los senderistas extreme\u00f1os han tenido ocasi\u00f3n de recorrer. La marcha tendr\u00e1 lugar el pr\u00f3ximo 2 de marzo. El plazo de inscripci\u00f3n concluye el pr\u00f3ximo 26 de febrero. El precio de la actividad es de tres euros.<!--more--><\/h4>\n<h2>Datos del recorrido<\/h2>\n<h4><strong>La ruta (PR-BA 47) est\u00e1 perfectamente se\u00f1alizada por el\u00a0<a href=\"http:\/\/www.sendezarza.com\/\" rel=\"external nofollow\">Club de Senderismo Pe\u00f1as Blancas<\/a>\u00a0y el\u00a0Ayuntamiento de La Zarza; por lo que hace tiempo obtuvo la homologaci\u00f3n dela Federaci\u00f3n Extreme\u00f1a de Monta\u00f1a y Escalada (FEXME). Las marcas blancas y amarillas en el camino no dejan lugar a la duda.<\/strong><\/h4>\n<h4><strong>El tramo m\u00e1s duro se encuentra en los dos primeros kil\u00f3metros. El angosto y estrecho sendero est\u00e1 lleno de piedras y se hace dif\u00edcil avanzar entre centenares de personas. Como recompensa a este primer esfuerzo se disfruta del \u2018tesoro\u2019 arqueol\u00f3gico del abrigo de La Calderita, unas paredes rocosas repletas de\u00a0pinturas rupestres, declaradas\u00a0Bien de Inter\u00e9s Cultural.<\/strong><\/h4>\n<h4><strong>Tras las pinturas esquem\u00e1ticas, se llega al punto m\u00e1s alto de la marcha, una cima con impresionantes vistas panor\u00e1micas sobre el embalse de Alange, su ZEPA y los olivares que bordean La Zarza. Hacemos unas fotos y seguimos un par de kil\u00f3metros despu\u00e9s para coronar el Puerto de Las Hoyas y emprender el descenso por unas laderas y hondonadas llenas de olivares, con terrenos separados por antiguos muros de adobe y piedra, disfrutando de los almendros, ya en flor.<\/strong><\/h4>\n<p><a href=\"http:\/\/www.hoy.es\/multimedia\/fotos\/regional\/116252-ruta-penas-blancas-2013-0-0.html\" rel=\"external nofollow\"><strong>GALER\u00cdA: Im\u00e1genes de la pasada edici\u00f3n de la ruta &#8216;Pe\u00f1as Blancas&#8217; <\/strong><\/a><\/p>\n<div id=\"attachment_2514\" style=\"width: 481px\" class=\"wp-caption aligncenter\"><a href=\"https:\/\/blogs.hoy.es\/senderosextremadura\/\"><img aria-describedby=\"caption-attachment-2514\" loading=\"lazy\" class=\" wp-image-2514\" title=\"\" src=\"\/senderosextremadura\/wp-content\/uploads\/sites\/22\/2014\/02\/penas-blancasn.jpg\" alt=\"\" width=\"471\" height=\"665\" srcset=\"https:\/\/static-blogs.hoy.es\/wp-content\/uploads\/sites\/22\/2014\/02\/penas-blancasn.jpg 679w, https:\/\/static-blogs.hoy.es\/wp-content\/uploads\/sites\/22\/2014\/02\/penas-blancasn-212x300.jpg 212w, https:\/\/static-blogs.hoy.es\/wp-content\/uploads\/sites\/22\/2014\/02\/penas-blancasn-600x848.jpg 600w\" sizes=\"(max-width: 471px) 100vw, 471px\" \/><\/a><p id=\"caption-attachment-2514\" class=\"wp-caption-text\">Cartel de la ruta<\/p><\/div>\n<!-- AddThis Advanced Settings generic via filter on the_content --><!-- AddThis Share Buttons generic via filter on the_content -->","protected":false},"excerpt":{"rendered":"<p>&nbsp; La localidad pacense de La Zarza celebra este a\u00f1o la d\u00e9cima edici\u00f3n de su ruta Pe\u00f1as Blancas. Un recorrido de unos 18 kil\u00f3metros que la mayor\u00eda de los senderistas extreme\u00f1os han tenido ocasi\u00f3n de recorrer. La marcha tendr\u00e1 lugar el pr\u00f3ximo 2 de marzo. El plazo de inscripci\u00f3n concluye el pr\u00f3ximo 26 de febrero. [&hellip;]<!-- AddThis Advanced Settings generic via filter on get_the_excerpt --><!-- AddThis Share Buttons generic via filter on get_the_excerpt --><\/p>\n","protected":false},"author":27,"featured_media":0,"comment_status":"open","ping_status":"closed","sticky":false,"template":"","format":"standard","meta":[],"categories":[4],"tags":[760,775,817,836,873,906,944],"_links":{"self":[{"href":"https:\/\/blogs.hoy.es\/senderosextremadura\/wp-json\/wp\/v2\/posts\/2511"}],"collection":[{"href":"https:\/\/blogs.hoy.es\/senderosextremadura\/wp-json\/wp\/v2\/posts"}],"about":[{"href":"https:\/\/blogs.hoy.es\/senderosextremadura\/wp-json\/wp\/v2\/types\/post"}],"author":[{"embeddable":true,"href":"https:\/\/blogs.hoy.es\/senderosextremadura\/wp-json\/wp\/v2\/users\/27"}],"replies":[{"embeddable":true,"href":"https:\/\/blogs.hoy.es\/senderosextremadura\/wp-json\/wp\/v2\/comments?post=2511"}],"version-history":[{"count":0,"href":"https:\/\/blogs.hoy.es\/senderosextremadura\/wp-json\/wp\/v2\/posts\/2511\/revisions"}],"wp:attachment":[{"href":"https:\/\/blogs.hoy.es\/senderosextremadura\/wp-json\/wp\/v2\/media?parent=2511"}],"wp:term":[{"taxonomy":"category","embeddable":true,"href":"https:\/\/blogs.hoy.es\/senderosextremadura\/wp-json\/wp\/v2\/categories?post=2511"},{"taxonomy":"post_tag","embeddable":true,"href":"https:\/\/blogs.hoy.es\/senderosextremadura\/wp-json\/wp\/v2\/tags?post=2511"}],"curies":[{"name":"wp","href":"https:\/\/api.w.org\/{rel}","templated":true}]}}