{"id":2515,"date":"2014-02-18T22:46:22","date_gmt":"2014-02-18T22:46:22","guid":{"rendered":"http:\/\/blogs.hoy.es\/senderosextremadura\/?p=2515"},"modified":"2014-02-18T22:46:22","modified_gmt":"2014-02-18T22:46:22","slug":"ruta-por-la-sierra-de-valdehornos-23-de-febrero","status":"publish","type":"post","link":"https:\/\/blogs.hoy.es\/senderosextremadura\/2014\/02\/18\/ruta-por-la-sierra-de-valdehornos-23-de-febrero\/","title":{"rendered":"Ruta por la Sierra de Valdehornos (23 de febrero)"},"content":{"rendered":"<p>&nbsp;<\/p>\n<p><a href=\"https:\/\/www.facebook.com\/destinosiberia.badajoz\" rel=\"external nofollow\"><strong>Destino Siberia<\/strong><\/a> sigue dando a conocer los paisajes m\u00e1s impresionantes del este de la provincia de Badajoz. En esta ocasi\u00f3n han programado una ruta por la Sierra de Valdehornos, en la localidad pacense de Casas de Don Pedro. La marcha tendr\u00e1 lugar el 23 de febrero. La salida tendr\u00e1 lugar a las 10 de la ma\u00f1ana junto a la gasolinera de CEPSA.<\/p>\n<!-- AddThis Advanced Settings generic via filter on the_content --><!-- AddThis Share Buttons generic via filter on the_content -->","protected":false},"excerpt":{"rendered":"<p>&nbsp; Destino Siberia sigue dando a conocer los paisajes m\u00e1s impresionantes del este de la provincia de Badajoz. En esta ocasi\u00f3n han programado una ruta por la Sierra de Valdehornos, en la localidad pacense de Casas de Don Pedro. La marcha tendr\u00e1 lugar el 23 de febrero. La salida tendr\u00e1 lugar a las 10 de [&hellip;]<!-- AddThis Advanced Settings generic via filter on get_the_excerpt --><!-- AddThis Share Buttons generic via filter on get_the_excerpt --><\/p>\n","protected":false},"author":27,"featured_media":0,"comment_status":"open","ping_status":"closed","sticky":false,"template":"","format":"standard","meta":[],"categories":[4],"tags":[],"_links":{"self":[{"href":"https:\/\/blogs.hoy.es\/senderosextremadura\/wp-json\/wp\/v2\/posts\/2515"}],"collection":[{"href":"https:\/\/blogs.hoy.es\/senderosextremadura\/wp-json\/wp\/v2\/posts"}],"about":[{"href":"https:\/\/blogs.hoy.es\/senderosextremadura\/wp-json\/wp\/v2\/types\/post"}],"author":[{"embeddable":true,"href":"https:\/\/blogs.hoy.es\/senderosextremadura\/wp-json\/wp\/v2\/users\/27"}],"replies":[{"embeddable":true,"href":"https:\/\/blogs.hoy.es\/senderosextremadura\/wp-json\/wp\/v2\/comments?post=2515"}],"version-history":[{"count":0,"href":"https:\/\/blogs.hoy.es\/senderosextremadura\/wp-json\/wp\/v2\/posts\/2515\/revisions"}],"wp:attachment":[{"href":"https:\/\/blogs.hoy.es\/senderosextremadura\/wp-json\/wp\/v2\/media?parent=2515"}],"wp:term":[{"taxonomy":"category","embeddable":true,"href":"https:\/\/blogs.hoy.es\/senderosextremadura\/wp-json\/wp\/v2\/categories?post=2515"},{"taxonomy":"post_tag","embeddable":true,"href":"https:\/\/blogs.hoy.es\/senderosextremadura\/wp-json\/wp\/v2\/tags?post=2515"}],"curies":[{"name":"wp","href":"https:\/\/api.w.org\/{rel}","templated":true}]}}