{"id":2517,"date":"2014-02-19T18:39:25","date_gmt":"2014-02-19T18:39:25","guid":{"rendered":"http:\/\/blogs.hoy.es\/senderosextremadura\/?p=2517"},"modified":"2014-02-19T18:39:25","modified_gmt":"2014-02-19T18:39:25","slug":"prisinas-celebra-su-primer-ano-en-los-caminos","status":"publish","type":"post","link":"https:\/\/blogs.hoy.es\/senderosextremadura\/2014\/02\/19\/prisinas-celebra-su-primer-ano-en-los-caminos\/","title":{"rendered":"Prisi\u00f1as celebra su primer a\u00f1o en los caminos"},"content":{"rendered":"<div id=\"attachment_2518\" style=\"width: 554px\" class=\"wp-caption aligncenter\"><a href=\"https:\/\/blogs.hoy.es\/senderosextremadura\/2014\/02\/19\/prisinas-celebra-su-primer-ano-en-los-caminos\/grupo-2\/\" rel=\"attachment wp-att-2518\"><img aria-describedby=\"caption-attachment-2518\" loading=\"lazy\" class=\" wp-image-2518\" title=\"\" src=\"\/senderosextremadura\/wp-content\/uploads\/sites\/22\/2014\/02\/grupo.jpg\" alt=\"\" width=\"544\" height=\"407\" srcset=\"https:\/\/static-blogs.hoy.es\/wp-content\/uploads\/sites\/22\/2014\/02\/grupo.jpg 955w, https:\/\/static-blogs.hoy.es\/wp-content\/uploads\/sites\/22\/2014\/02\/grupo-300x225.jpg 300w, https:\/\/static-blogs.hoy.es\/wp-content\/uploads\/sites\/22\/2014\/02\/grupo-768x576.jpg 768w, https:\/\/static-blogs.hoy.es\/wp-content\/uploads\/sites\/22\/2014\/02\/grupo-600x450.jpg 600w\" sizes=\"(max-width: 544px) 100vw, 544px\" \/><\/a><p id=\"caption-attachment-2518\" class=\"wp-caption-text\">Miembros del club en una ruta por La Vera:: PRISI\u00d1AS<\/p><\/div>\n<p>Un a\u00f1o pasa volando, pero da para mucho. Y si no que se lo digan al <a href=\"http:\/\/clubsenderistaolivenza.es\/\" rel=\"external nofollow\"><strong>Club Prisi\u00f1as de Olivenza<\/strong><\/a>. El grupo senderista conmemora<strong> sus primeros doce meses de andadura<\/strong> y lo hace con una ruta a la que est\u00e1n invitados todos los senderistas que deseen participar.\u00a0 La marcha se celebrar\u00e1 <strong>este domingo 23 de febrero<\/strong> y tendr\u00e1 un <strong>recorrido de 20 kil\u00f3metros<\/strong>. Los caminantes partir\u00e1m a las nueve de la ma\u00f1ana de Olivenza y recorrer\u00e1 San Rafael y San Francisco para volver al punto de origen. La actividad es gratuita. Para participar o tener m\u00e1s informaci\u00f3n puedes contactar con ellos en el mail <strong>clubsenderistaolivenza@yahoo.es.<\/strong><\/p>\n<p>Prisi\u00f1as resume con este relato su primer a\u00f1o en los caminos de Extremadura:<\/p>\n<p><em>Como empiezan los cuentos, as\u00ed comenz\u00f3 Prisi\u00f1as, hace ya hoy un a\u00f1o, su aventura. La de un grupo de amigos con una ilusi\u00f3n, crear un club de senderismo diferente y divertido, que ofreciese una nueva alternativa a esa preciosa afici\u00f3n que es caminar con compa\u00f1\u00eda. Y as\u00ed, naci\u00f3 Priss, el simp\u00e1tico lagarto de su logo, y comenz\u00f3 a dar sus primeros pasos por las tierras de Olivenza. Pero hoy, a aquellos seis amigos, se han unido ciento sesenta m\u00e1s para recorrer senderos, paseando el color azul all\u00e1 por donde van.<\/em><\/p>\n<div id=\"attachment_2519\" style=\"width: 541px\" class=\"wp-caption aligncenter\"><a href=\"https:\/\/blogs.hoy.es\/senderosextremadura\/\"><img aria-describedby=\"caption-attachment-2519\" loading=\"lazy\" class=\" wp-image-2519\" title=\"\" src=\"\/senderosextremadura\/wp-content\/uploads\/sites\/22\/2014\/02\/ruta-unod.jpg\" alt=\"\" width=\"531\" height=\"375\" srcset=\"https:\/\/static-blogs.hoy.es\/wp-content\/uploads\/sites\/22\/2014\/02\/ruta-unod.jpg 1013w, https:\/\/static-blogs.hoy.es\/wp-content\/uploads\/sites\/22\/2014\/02\/ruta-unod-300x212.jpg 300w, https:\/\/static-blogs.hoy.es\/wp-content\/uploads\/sites\/22\/2014\/02\/ruta-unod-768x543.jpg 768w, https:\/\/static-blogs.hoy.es\/wp-content\/uploads\/sites\/22\/2014\/02\/ruta-unod-600x424.jpg 600w\" sizes=\"(max-width: 531px) 100vw, 531px\" \/><\/a><p id=\"caption-attachment-2519\" class=\"wp-caption-text\">Primera gran ruta organizada por el club:: PRISI\u00d1AS<\/p><\/div>\n<p><em>El d\u00eda 5 de mayo, su primera gran aventura consigui\u00f3 trasladar a quinientas personas a la \u00e9poca medieval, invit\u00e1ndolos a seguirles en un maravilloso viaje a trav\u00e9s del tiempo. As\u00ed, la Ruta de los Matacanes, tras meses de preparaci\u00f3n, les condujo hasta la historia del soldado Trist\u00e1n. As\u00ed comenzaba su relato\u2026 Dieciocho de Enero del corriente a\u00f1o 1657, me llamo Trist\u00e1n, soldado de las tropas del Rey Alfonso. Tras mi guardia en la atalaya de las Moitas, me dirijo caminando hacia Olivenza para apostarme en uno de los matacanes y defender las murallas. El ej\u00e9rcito enemigo nos asedia hace ya varios meses y el hambre y el cruel fr\u00edo de este invierno est\u00e1 haciendo mella en nuestros batallones. El sendero es largo y est\u00e1 plagado de peligros, pero debo llegar a mi destino cuanto antes\u2026. <\/em><\/p>\n<p><em>Junto a esta historia, tres originales carteles anunciaban la Ruta, que se convirti\u00f3 en toda una experiencia tanto para el club, como para aquellos los senderistas que la vivieron.<\/em><\/p>\n<p>&nbsp;<\/p>\n<div id=\"attachment_2521\" style=\"width: 535px\" class=\"wp-caption aligncenter\"><a href=\"https:\/\/blogs.hoy.es\/senderosextremadura\/\"><img aria-describedby=\"caption-attachment-2521\" loading=\"lazy\" class=\" wp-image-2521\" title=\"\" src=\"\/senderosextremadura\/wp-content\/uploads\/sites\/22\/2014\/02\/corud.jpg\" alt=\"\" width=\"525\" height=\"371\" srcset=\"https:\/\/static-blogs.hoy.es\/wp-content\/uploads\/sites\/22\/2014\/02\/corud.jpg 1013w, https:\/\/static-blogs.hoy.es\/wp-content\/uploads\/sites\/22\/2014\/02\/corud-300x212.jpg 300w, https:\/\/static-blogs.hoy.es\/wp-content\/uploads\/sites\/22\/2014\/02\/corud-768x543.jpg 768w, https:\/\/static-blogs.hoy.es\/wp-content\/uploads\/sites\/22\/2014\/02\/corud-600x424.jpg 600w\" sizes=\"(max-width: 525px) 100vw, 525px\" \/><\/a><p id=\"caption-attachment-2521\" class=\"wp-caption-text\">Cartel de la Ruta de las Corujas:: PRISI\u00d1AS<\/p><\/div>\n<p><em>Pero lleg\u00f3 junio y aparecieron las misteriosas Corujas, protegiendo un gran misterio que hab\u00eda que desvelar. Ellas fueron las protagonistas de la segunda historia que se cre\u00f3 as\u00ed: Cuentan, que hace ya muchos a\u00f1os, los ancianos de Olivenza, relataban una leyenda que dec\u00eda as\u00ed: En lo m\u00e1s alto de la iglesia, cada tarde al caer el sol, descansaban las corujas en su morada nocturna. Sus grandes ojos negros pod\u00edan ver en la oscuridad hasta el m\u00e1s peque\u00f1o detalle y su sutil o\u00eddo era capaz de guiarlas hacia cualquier rumor en medio de la noche. Durante las horas sin luz, ellas permanec\u00edan all\u00ed en vela, observ\u00e1ndolo todo. Y el eco de su sonido, llegaba como un lamento a todos los rincones de su pueblo. Pero, una noche al a\u00f1o, todas desaparec\u00edan sin que nadie supiera el porqu\u00e9. Se dec\u00eda que hu\u00edan hacia un paraje misterioso que ning\u00fan humano hab\u00eda podido ver jam\u00e1s\u2026<\/em><\/p>\n<p><em>Y ellas fueron las que hicieron volar a seiscientas personas, con la Ruta de las Corujas, hasta el sorprendente pa\u00eds de las Hadas en medio de una c\u00e1lida noche de verano, haci\u00e9ndoles regresar de nuevo a su infancia.<\/em><\/p>\n<div id=\"attachment_2520\" style=\"width: 543px\" class=\"wp-caption aligncenter\"><a href=\"https:\/\/blogs.hoy.es\/senderosextremadura\/\"><img aria-describedby=\"caption-attachment-2520\" loading=\"lazy\" class=\" wp-image-2520\" title=\"\" src=\"\/senderosextremadura\/wp-content\/uploads\/sites\/22\/2014\/02\/NICOLASd.jpg\" alt=\"\" width=\"533\" height=\"376\" srcset=\"https:\/\/static-blogs.hoy.es\/wp-content\/uploads\/sites\/22\/2014\/02\/NICOLASd.jpg 1013w, https:\/\/static-blogs.hoy.es\/wp-content\/uploads\/sites\/22\/2014\/02\/NICOLASd-300x212.jpg 300w, https:\/\/static-blogs.hoy.es\/wp-content\/uploads\/sites\/22\/2014\/02\/NICOLASd-768x543.jpg 768w, https:\/\/static-blogs.hoy.es\/wp-content\/uploads\/sites\/22\/2014\/02\/NICOLASd-600x424.jpg 600w\" sizes=\"(max-width: 533px) 100vw, 533px\" \/><\/a><p id=\"caption-attachment-2520\" class=\"wp-caption-text\">Cartel de la Ruta Chistmas Priss:: PRISI\u00d1AS<\/p><\/div>\n<p><em>Al finalizar el a\u00f1o, muy cerca de la Navidad, Alejandro y Nicol\u00e1s condujeron a una marea de setecientos senderistas grandes y peque\u00f1os hasta aquel secreto que custodiaron durante tanto tiempo\u2026 Es asombroso como puede guardarse un secreto durante tantos a\u00f1os sin que salga del interior de tu mente. Mi nombre es Alejandro y acabo de cumplir 88 a\u00f1os, pero lo que quiero contaros sucedi\u00f3 hace mucho y os aseguro que es una historia incre\u00edble. Corr\u00eda el a\u00f1o 1933 y, a mis ocho a\u00f1os, los d\u00edas transcurr\u00edan felices junto a mi familia. Viv\u00edamos en un humilde cortijo en medio del campo, rodeado de \u00e1rboles. Aquel verano lleg\u00f3 un ni\u00f1o nuevo a la casa que hab\u00eda en el arroyo, junto al encinar. Se llamaba Nicol\u00e1s y \u00e9ramos de la misma edad\u2026<\/em><\/p>\n<p><em>Y el secreto los condujo hasta la casa de Papa Noel, un taller de regalos y de ilusiones que hizo so\u00f1ar a todos los que entraron en ella.<\/em><\/p>\n<p><em>Ha sido un a\u00f1o intenso e inolvidable para este grupo\u2026 la marea azul, como ya la llaman. Que ha recorrido decenas de senderos por tierras Oliventinas, pero que tambi\u00e9n ha vivido la ruta de Carlos V, la de los Bosques de Ambroz, los Doce Ap\u00f3stoles, la Luna Marinera, y un largo etc\u00e9tera de momentos compartidos. Un grupo en el que caben mayores y ni\u00f1os, donde hay familias enteras. Gente maravillosa y distinta con algo que indudablemente las une de una forma especial.<\/em><\/p>\n<p><em>En palabras de su presidente Francisco Jos\u00e9 N\u00fa\u00f1ez Gonz\u00e1lez, ideador de las tres grandes aventuras y autor sus historias y carteles de presentaci\u00f3n, \u201cEl club es una conexi\u00f3n, una puerta que nos abre mundos m\u00e1gicos que poder mostrar\u201d. Tras cada ruta se esconde un trabajo enorme de equipo que no se ve, pero que se percibe en el resultado, siempre cuidando cada detalle.<\/em><\/p>\n<p><em>Despu\u00e9s este primer a\u00f1o, continuar\u00e1n intentando sorprender a propios y extra\u00f1os en su pr\u00f3xima ruta. Qui\u00e9n sabe hasta d\u00f3nde les llevar\u00e1 y que sorpresas deparar\u00e1 a los que se atrevan a vivirla. Ser\u00e1, sin duda, un misterio hasta ese d\u00eda. Desde aqu\u00ed deseamos al los Prisi\u00f1as que este s\u00f3lo sea el primero de muchos a\u00f1os caminando con esos ingredientes que le ponen a cada cosa que hacen, alegr\u00eda, esfuerzo e ilusi\u00f3n.<\/em><\/p>\n<div id=\"attachment_2523\" style=\"width: 534px\" class=\"wp-caption aligncenter\"><a href=\"https:\/\/blogs.hoy.es\/senderosextremadura\/\"><img aria-describedby=\"caption-attachment-2523\" loading=\"lazy\" class=\" wp-image-2523\" title=\"\" src=\"\/senderosextremadura\/wp-content\/uploads\/sites\/22\/2014\/02\/prid.jpg\" alt=\"\" width=\"524\" height=\"392\" srcset=\"https:\/\/static-blogs.hoy.es\/wp-content\/uploads\/sites\/22\/2014\/02\/prid.jpg 955w, https:\/\/static-blogs.hoy.es\/wp-content\/uploads\/sites\/22\/2014\/02\/prid-300x225.jpg 300w, https:\/\/static-blogs.hoy.es\/wp-content\/uploads\/sites\/22\/2014\/02\/prid-768x576.jpg 768w, https:\/\/static-blogs.hoy.es\/wp-content\/uploads\/sites\/22\/2014\/02\/prid-600x450.jpg 600w\" sizes=\"(max-width: 524px) 100vw, 524px\" \/><\/a><p id=\"caption-attachment-2523\" class=\"wp-caption-text\">Compa\u00f1erismo y amistad, se\u00f1as de identidad del club:: PRISI\u00d1AS<\/p><\/div>\n<!-- AddThis Advanced Settings generic via filter on the_content --><!-- AddThis Share Buttons generic via filter on the_content -->","protected":false},"excerpt":{"rendered":"<p>Un a\u00f1o pasa volando, pero da para mucho. Y si no que se lo digan al Club Prisi\u00f1as de Olivenza. El grupo senderista conmemora sus primeros doce meses de andadura y lo hace con una ruta a la que est\u00e1n invitados todos los senderistas que deseen participar.\u00a0 La marcha se celebrar\u00e1 este domingo 23 de [&hellip;]<!-- AddThis Advanced Settings generic via filter on get_the_excerpt --><!-- AddThis Share Buttons generic via filter on get_the_excerpt --><\/p>\n","protected":false},"author":27,"featured_media":0,"comment_status":"open","ping_status":"closed","sticky":false,"template":"","format":"standard","meta":[],"categories":[3],"tags":[222,728,735,740,817,836,862,906,944],"_links":{"self":[{"href":"https:\/\/blogs.hoy.es\/senderosextremadura\/wp-json\/wp\/v2\/posts\/2517"}],"collection":[{"href":"https:\/\/blogs.hoy.es\/senderosextremadura\/wp-json\/wp\/v2\/posts"}],"about":[{"href":"https:\/\/blogs.hoy.es\/senderosextremadura\/wp-json\/wp\/v2\/types\/post"}],"author":[{"embeddable":true,"href":"https:\/\/blogs.hoy.es\/senderosextremadura\/wp-json\/wp\/v2\/users\/27"}],"replies":[{"embeddable":true,"href":"https:\/\/blogs.hoy.es\/senderosextremadura\/wp-json\/wp\/v2\/comments?post=2517"}],"version-history":[{"count":0,"href":"https:\/\/blogs.hoy.es\/senderosextremadura\/wp-json\/wp\/v2\/posts\/2517\/revisions"}],"wp:attachment":[{"href":"https:\/\/blogs.hoy.es\/senderosextremadura\/wp-json\/wp\/v2\/media?parent=2517"}],"wp:term":[{"taxonomy":"category","embeddable":true,"href":"https:\/\/blogs.hoy.es\/senderosextremadura\/wp-json\/wp\/v2\/categories?post=2517"},{"taxonomy":"post_tag","embeddable":true,"href":"https:\/\/blogs.hoy.es\/senderosextremadura\/wp-json\/wp\/v2\/tags?post=2517"}],"curies":[{"name":"wp","href":"https:\/\/api.w.org\/{rel}","templated":true}]}}