{"id":252,"date":"2012-03-19T12:22:49","date_gmt":"2012-03-19T12:22:49","guid":{"rendered":"http:\/\/blogs.hoy.es\/senderosextremadura\/?p=252"},"modified":"2012-03-19T12:22:49","modified_gmt":"2012-03-19T12:22:49","slug":"los-cerezos-de-rebollar-24-de-marzo","status":"publish","type":"post","link":"https:\/\/blogs.hoy.es\/senderosextremadura\/2012\/03\/19\/los-cerezos-de-rebollar-24-de-marzo\/","title":{"rendered":"Los cerezos de Rebollar (24 de marzo)"},"content":{"rendered":"<p>La <strong><a href=\"http:\/\/www.mancomunidadvalledeljerte.es\/\" target=\"_blank\" rel=\"external nofollow\">Mancomunidad de \u00a0Municipios del Valle del Jerte<\/a><\/strong> ha programado para el pr\u00f3ximo fin de semana una ruta por los campos de cerezo, aprovechando la espectacular floraci\u00f3n que desde hace unos d\u00edas puede disfrutarse. Cita obligada de la primavera extreme\u00f1a.<\/p>\n<p><a style=\"text-align: center;\" href=\"\/senderosextremadura\/wp-content\/uploads\/sites\/22\/2012\/03\/fotos-postal.jpg\"><img loading=\"lazy\" class=\"aligncenter size-large wp-image-253\" title=\"fotos-postal\" src=\"\/senderosextremadura\/wp-content\/uploads\/sites\/22\/2012\/03\/fotos-postal.jpg\" alt=\"\" width=\"614\" height=\"434\" srcset=\"https:\/\/static-blogs.hoy.es\/wp-content\/uploads\/sites\/22\/2012\/03\/fotos-postal.jpg 1754w, https:\/\/static-blogs.hoy.es\/wp-content\/uploads\/sites\/22\/2012\/03\/fotos-postal-300x212.jpg 300w, https:\/\/static-blogs.hoy.es\/wp-content\/uploads\/sites\/22\/2012\/03\/fotos-postal-768x543.jpg 768w, https:\/\/static-blogs.hoy.es\/wp-content\/uploads\/sites\/22\/2012\/03\/fotos-postal-600x424.jpg 600w\" sizes=\"(max-width: 614px) 100vw, 614px\" \/><\/a><\/p>\n<p style=\"text-align: center;\">\n<!-- AddThis Advanced Settings generic via filter on the_content --><!-- AddThis Share Buttons generic via filter on the_content -->","protected":false},"excerpt":{"rendered":"<p>La Mancomunidad de \u00a0Municipios del Valle del Jerte ha programado para el pr\u00f3ximo fin de semana una ruta por los campos de cerezo, aprovechando la espectacular floraci\u00f3n que desde hace unos d\u00edas puede disfrutarse. Cita obligada de la primavera extreme\u00f1a.<!-- AddThis Advanced Settings generic via filter on get_the_excerpt --><!-- AddThis Share Buttons generic via filter on get_the_excerpt --><\/p>\n","protected":false},"author":27,"featured_media":0,"comment_status":"open","ping_status":"closed","sticky":false,"template":"","format":"standard","meta":[],"categories":[4],"tags":[121,195,301,419,675],"_links":{"self":[{"href":"https:\/\/blogs.hoy.es\/senderosextremadura\/wp-json\/wp\/v2\/posts\/252"}],"collection":[{"href":"https:\/\/blogs.hoy.es\/senderosextremadura\/wp-json\/wp\/v2\/posts"}],"about":[{"href":"https:\/\/blogs.hoy.es\/senderosextremadura\/wp-json\/wp\/v2\/types\/post"}],"author":[{"embeddable":true,"href":"https:\/\/blogs.hoy.es\/senderosextremadura\/wp-json\/wp\/v2\/users\/27"}],"replies":[{"embeddable":true,"href":"https:\/\/blogs.hoy.es\/senderosextremadura\/wp-json\/wp\/v2\/comments?post=252"}],"version-history":[{"count":0,"href":"https:\/\/blogs.hoy.es\/senderosextremadura\/wp-json\/wp\/v2\/posts\/252\/revisions"}],"wp:attachment":[{"href":"https:\/\/blogs.hoy.es\/senderosextremadura\/wp-json\/wp\/v2\/media?parent=252"}],"wp:term":[{"taxonomy":"category","embeddable":true,"href":"https:\/\/blogs.hoy.es\/senderosextremadura\/wp-json\/wp\/v2\/categories?post=252"},{"taxonomy":"post_tag","embeddable":true,"href":"https:\/\/blogs.hoy.es\/senderosextremadura\/wp-json\/wp\/v2\/tags?post=252"}],"curies":[{"name":"wp","href":"https:\/\/api.w.org\/{rel}","templated":true}]}}