{"id":2528,"date":"2014-02-21T11:46:25","date_gmt":"2014-02-21T11:46:25","guid":{"rendered":"http:\/\/blogs.hoy.es\/senderosextremadura\/?p=2528"},"modified":"2014-02-21T11:46:25","modified_gmt":"2014-02-21T11:46:25","slug":"el-bordon-realizara-la-ruta-de-los-dolmenes","status":"publish","type":"post","link":"https:\/\/blogs.hoy.es\/senderosextremadura\/2014\/02\/21\/el-bordon-realizara-la-ruta-de-los-dolmenes\/","title":{"rendered":"El Bord\u00f3n realizar\u00e1 la &#039;Ruta de los D\u00f3lmenes&#039;"},"content":{"rendered":"<p>El pr\u00f3ximo domingo 23 la asociaci\u00f3n deportiva El Bord\u00f3n realizar\u00e1 la &#8216;Ruta de los D\u00f3lmenes&#8217;, recorriendo los t\u00e9rminos municipales de San Vicente y Valencia de Alc\u00e1ntara. La salida ser\u00e1 a las 7.30 desde el parque de Los Pinos y el regreso est\u00e1 previsto a media tarde, seg\u00fan informa la organizaci\u00f3n. Se trata de un recorrido sin apenas desniveles y con una distancia aproximada de 15 kil\u00f3metros. El destino final es Ace\u00f1a la Borrega. Antes, los senderistas visitar\u00e1n la ermita de la Virgen de la Cabeza.<\/p>\n<p>&nbsp;<\/p>\n<!-- AddThis Advanced Settings generic via filter on the_content --><!-- AddThis Share Buttons generic via filter on the_content -->","protected":false},"excerpt":{"rendered":"<p>El pr\u00f3ximo domingo 23 la asociaci\u00f3n deportiva El Bord\u00f3n realizar\u00e1 la &#8216;Ruta de los D\u00f3lmenes&#8217;, recorriendo los t\u00e9rminos municipales de San Vicente y Valencia de Alc\u00e1ntara. La salida ser\u00e1 a las 7.30 desde el parque de Los Pinos y el regreso est\u00e1 previsto a media tarde, seg\u00fan informa la organizaci\u00f3n. Se trata de un recorrido [&hellip;]<!-- AddThis Advanced Settings generic via filter on get_the_excerpt --><!-- AddThis Share Buttons generic via filter on get_the_excerpt --><\/p>\n","protected":false},"author":27,"featured_media":0,"comment_status":"open","ping_status":"closed","sticky":false,"template":"","format":"standard","meta":[],"categories":[4],"tags":[],"_links":{"self":[{"href":"https:\/\/blogs.hoy.es\/senderosextremadura\/wp-json\/wp\/v2\/posts\/2528"}],"collection":[{"href":"https:\/\/blogs.hoy.es\/senderosextremadura\/wp-json\/wp\/v2\/posts"}],"about":[{"href":"https:\/\/blogs.hoy.es\/senderosextremadura\/wp-json\/wp\/v2\/types\/post"}],"author":[{"embeddable":true,"href":"https:\/\/blogs.hoy.es\/senderosextremadura\/wp-json\/wp\/v2\/users\/27"}],"replies":[{"embeddable":true,"href":"https:\/\/blogs.hoy.es\/senderosextremadura\/wp-json\/wp\/v2\/comments?post=2528"}],"version-history":[{"count":0,"href":"https:\/\/blogs.hoy.es\/senderosextremadura\/wp-json\/wp\/v2\/posts\/2528\/revisions"}],"wp:attachment":[{"href":"https:\/\/blogs.hoy.es\/senderosextremadura\/wp-json\/wp\/v2\/media?parent=2528"}],"wp:term":[{"taxonomy":"category","embeddable":true,"href":"https:\/\/blogs.hoy.es\/senderosextremadura\/wp-json\/wp\/v2\/categories?post=2528"},{"taxonomy":"post_tag","embeddable":true,"href":"https:\/\/blogs.hoy.es\/senderosextremadura\/wp-json\/wp\/v2\/tags?post=2528"}],"curies":[{"name":"wp","href":"https:\/\/api.w.org\/{rel}","templated":true}]}}