{"id":2531,"date":"2014-02-26T10:13:20","date_gmt":"2014-02-26T10:13:20","guid":{"rendered":"http:\/\/blogs.hoy.es\/senderosextremadura\/?p=2531"},"modified":"2014-02-26T10:13:20","modified_gmt":"2014-02-26T10:13:20","slug":"del-alentejo-al-cabo-de-san-vicente-con-el-club-emerita-augusta","status":"publish","type":"post","link":"https:\/\/blogs.hoy.es\/senderosextremadura\/2014\/02\/26\/del-alentejo-al-cabo-de-san-vicente-con-el-club-emerita-augusta\/","title":{"rendered":"Del Alentejo al Cabo de San Vicente con el Club Em\u00e9rita Augusta"},"content":{"rendered":"<div id=\"attachment_2532\" style=\"width: 526px\" class=\"wp-caption aligncenter\"><a href=\"https:\/\/blogs.hoy.es\/senderosextremadura\/\"><img aria-describedby=\"caption-attachment-2532\" loading=\"lazy\" class=\" wp-image-2532\" title=\"\" src=\"\/senderosextremadura\/wp-content\/uploads\/sites\/22\/2014\/02\/algarve_n.jpg\" alt=\"\" width=\"516\" height=\"387\" srcset=\"https:\/\/static-blogs.hoy.es\/wp-content\/uploads\/sites\/22\/2014\/02\/algarve_n.jpg 960w, https:\/\/static-blogs.hoy.es\/wp-content\/uploads\/sites\/22\/2014\/02\/algarve_n-300x225.jpg 300w, https:\/\/static-blogs.hoy.es\/wp-content\/uploads\/sites\/22\/2014\/02\/algarve_n-768x576.jpg 768w, https:\/\/static-blogs.hoy.es\/wp-content\/uploads\/sites\/22\/2014\/02\/algarve_n-600x450.jpg 600w\" sizes=\"(max-width: 516px) 100vw, 516px\" \/><\/a><p id=\"caption-attachment-2532\" class=\"wp-caption-text\">Una playa del Algarve:: A.M.<\/p><\/div>\n<p>El <a href=\"http:\/\/www.senderismoemeritaaugusta.com\/clubsenderismoemerita\/Pagina%20indice.html\" target=\"_blank\" rel=\"external nofollow\"><strong>Club de Senderismo Em\u00e9rita Augusta (M\u00e9rida)<\/strong><\/a>\u00a0 nos invita a descubrir algunos de los lugares m\u00e1s sorprendentes de la <strong>Pen\u00ednsula Ib\u00e9rica<\/strong> y que, pese a encontrase muy cerca de nosotros, han pasado casi siempre desapercibidos. El recorrido por Portugal se realizar\u00e1 <strong>del 16 al 20 de abril<\/strong> y\u00a0 nos va a llevar desde una de las regiones m\u00e1s desconocidas y a la vez atrayentes del pa\u00eds vecino hasta los confines del Continente, la <strong>punta de Sagres y el Cabo de Sao Vicente<\/strong>. <!--more--><\/p>\n<p>El <strong>Alentejo<\/strong> ocupa casi la tercera parte del vecino pa\u00eds y encierra en su interior un hermoso y buc\u00f3lico paisaje donde destacan preciosos pueblos e hist\u00f3ricas ciudades. Como es ya tradicional en nuestras rutas y viajes combinaremos, una vez m\u00e1s, naturaleza y cultura, visitas urbanas y senderos al aire libre. As\u00ed, caminaremos por el lugar conocido como \u201cPulo do Lobo\u201d, donde <strong>el r\u00edo Guadiana se adentra a trav\u00e9s de un paisaje de gargantas,<\/strong> descubriremos un tranquilo paisaje con bosquetes de alcornoques, encinares y olivares, campos de verdes pastos y flores que cobran vigor al comienzo de la primavera, pueblos arrinconados en el tiempo y solitarias haciendas. Los romanos fueron los primeros en dejar su huella en estas tierras a las que dieron el nombre de Al\u00e9m Tejo \u2013 la tierra m\u00e1s all\u00e1 del Tajo-.<\/p>\n<p>&nbsp;<\/p>\n<p><a href=\"https:\/\/blogs.hoy.es\/senderosextremadura\/2014\/02\/26\/del-alentejo-al-cabo-de-san-vicente-con-el-club-emerita-augusta\/praiasn\/\" rel=\"attachment wp-att-2535\"><img loading=\"lazy\" class=\"aligncenter size-large wp-image-2535\" title=\"\" src=\"\/senderosextremadura\/wp-content\/uploads\/sites\/22\/2014\/02\/praiasn.jpg\" alt=\"\" width=\"600\" height=\"150\" srcset=\"https:\/\/static-blogs.hoy.es\/wp-content\/uploads\/sites\/22\/2014\/02\/praiasn.jpg 960w, https:\/\/static-blogs.hoy.es\/wp-content\/uploads\/sites\/22\/2014\/02\/praiasn-300x75.jpg 300w, https:\/\/static-blogs.hoy.es\/wp-content\/uploads\/sites\/22\/2014\/02\/praiasn-768x192.jpg 768w, https:\/\/static-blogs.hoy.es\/wp-content\/uploads\/sites\/22\/2014\/02\/praiasn-600x150.jpg 600w\" sizes=\"(max-width: 600px) 100vw, 600px\" \/><\/a><\/p>\n<p>Desde aqu\u00ed, bajaremos a la costa y <strong>fijaremos nuestra base en Lagos<\/strong>, hist\u00f3rica y hoy tur\u00edstica poblaci\u00f3n del Algarve, para descubrir bell\u00edsimos rincones de una hermosa costa, con calas escondidas, acantilados y playas de fina arena\u2026, para terminar con la mirada perdida en la mar oc\u00e9ana, en el Cabo de San Vicente, desde donde partieran tantos exploradores hacia el nuevo mundo.<\/p>\n<p>&nbsp;<\/p>\n<p><a href=\"https:\/\/blogs.hoy.es\/senderosextremadura\/2014\/02\/26\/del-alentejo-al-cabo-de-san-vicente-con-el-club-emerita-augusta\/camina\/\" rel=\"attachment wp-att-2533\"><img loading=\"lazy\" class=\"aligncenter size-full wp-image-2533\" title=\"\" src=\"\/senderosextremadura\/wp-content\/uploads\/sites\/22\/2014\/02\/camina.jpg\" alt=\"\" width=\"400\" height=\"300\" srcset=\"https:\/\/static-blogs.hoy.es\/wp-content\/uploads\/sites\/22\/2014\/02\/camina.jpg 400w, https:\/\/static-blogs.hoy.es\/wp-content\/uploads\/sites\/22\/2014\/02\/camina-300x225.jpg 300w\" sizes=\"(max-width: 400px) 100vw, 400px\" \/><\/a><\/p>\n<p>&nbsp;<\/p>\n<p>M\u00e1s informaci\u00f3n y contacto en la <a href=\"http:\/\/www.senderismoemeritaaugusta.com\/clubsenderismoemerita\/Pagina%20indice.html\" rel=\"external nofollow\"><strong>web del club Em\u00e9rita Augusta.<\/strong> <\/a><\/p>\n<p>&nbsp;<\/p>\n<!-- AddThis Advanced Settings generic via filter on the_content --><!-- AddThis Share Buttons generic via filter on the_content -->","protected":false},"excerpt":{"rendered":"<p>El Club de Senderismo Em\u00e9rita Augusta (M\u00e9rida)\u00a0 nos invita a descubrir algunos de los lugares m\u00e1s sorprendentes de la Pen\u00ednsula Ib\u00e9rica y que, pese a encontrase muy cerca de nosotros, han pasado casi siempre desapercibidos. El recorrido por Portugal se realizar\u00e1 del 16 al 20 de abril y\u00a0 nos va a llevar desde una de [&hellip;]<!-- AddThis Advanced Settings generic via filter on get_the_excerpt --><!-- AddThis Share Buttons generic via filter on get_the_excerpt --><\/p>\n","protected":false},"author":27,"featured_media":0,"comment_status":"open","ping_status":"closed","sticky":false,"template":"","format":"standard","meta":[],"categories":[4],"tags":[],"_links":{"self":[{"href":"https:\/\/blogs.hoy.es\/senderosextremadura\/wp-json\/wp\/v2\/posts\/2531"}],"collection":[{"href":"https:\/\/blogs.hoy.es\/senderosextremadura\/wp-json\/wp\/v2\/posts"}],"about":[{"href":"https:\/\/blogs.hoy.es\/senderosextremadura\/wp-json\/wp\/v2\/types\/post"}],"author":[{"embeddable":true,"href":"https:\/\/blogs.hoy.es\/senderosextremadura\/wp-json\/wp\/v2\/users\/27"}],"replies":[{"embeddable":true,"href":"https:\/\/blogs.hoy.es\/senderosextremadura\/wp-json\/wp\/v2\/comments?post=2531"}],"version-history":[{"count":0,"href":"https:\/\/blogs.hoy.es\/senderosextremadura\/wp-json\/wp\/v2\/posts\/2531\/revisions"}],"wp:attachment":[{"href":"https:\/\/blogs.hoy.es\/senderosextremadura\/wp-json\/wp\/v2\/media?parent=2531"}],"wp:term":[{"taxonomy":"category","embeddable":true,"href":"https:\/\/blogs.hoy.es\/senderosextremadura\/wp-json\/wp\/v2\/categories?post=2531"},{"taxonomy":"post_tag","embeddable":true,"href":"https:\/\/blogs.hoy.es\/senderosextremadura\/wp-json\/wp\/v2\/tags?post=2531"}],"curies":[{"name":"wp","href":"https:\/\/api.w.org\/{rel}","templated":true}]}}