{"id":2540,"date":"2014-02-26T11:12:05","date_gmt":"2014-02-26T11:12:05","guid":{"rendered":"http:\/\/blogs.hoy.es\/senderosextremadura\/?p=2540"},"modified":"2014-02-26T11:12:05","modified_gmt":"2014-02-26T11:12:05","slug":"mirador-de-san-amaro-2-de-marzo","status":"publish","type":"post","link":"https:\/\/blogs.hoy.es\/senderosextremadura\/2014\/02\/26\/mirador-de-san-amaro-2-de-marzo\/","title":{"rendered":"Mirador de San Amaro (2 de marzo)"},"content":{"rendered":"<p><a href=\"https:\/\/blogs.hoy.es\/senderosextremadura\/\"><img loading=\"lazy\" class=\"aligncenter size-large wp-image-2541\" title=\"\" src=\"\/senderosextremadura\/wp-content\/uploads\/sites\/22\/2014\/02\/amaro_n.jpg\" alt=\"\" width=\"600\" height=\"333\" srcset=\"https:\/\/static-blogs.hoy.es\/wp-content\/uploads\/sites\/22\/2014\/02\/amaro_n.jpg 960w, https:\/\/static-blogs.hoy.es\/wp-content\/uploads\/sites\/22\/2014\/02\/amaro_n-300x167.jpg 300w, https:\/\/static-blogs.hoy.es\/wp-content\/uploads\/sites\/22\/2014\/02\/amaro_n-768x427.jpg 768w, https:\/\/static-blogs.hoy.es\/wp-content\/uploads\/sites\/22\/2014\/02\/amaro_n-600x334.jpg 600w\" sizes=\"(max-width: 600px) 100vw, 600px\" \/><\/a><\/p>\n<p>Este fin de semana es carnaval, pero queda tiempo para la aventura. As\u00ed nos invita el <a href=\"http:\/\/clubsenderistaolivenza.es\/\" rel=\"external nofollow\"><strong>Club Prisi\u00f1as de Olivenza<\/strong><\/a> a su pr\u00f3xima ruta, que tendr\u00e1 lugar este domingo 2 de marzo.\u00a0 Abrir\u00e1n camino y subir\u00e1n a la sierra de <strong>San Amaro<\/strong> hasta su atalaya, sin veredas, dentro de la localidad de Olivenza. El club cuenta con permiso para atravesar las fincas que la rodean y avanzar hasta llegar &#8220;all\u00ed donde los soldados vigilaban el horizonte&#8221;. La marcha tiene una duraci\u00f3n de 4 horas y un recorrido de 17 kil\u00f3metros.<\/p>\n<!-- AddThis Advanced Settings generic via filter on the_content --><!-- AddThis Share Buttons generic via filter on the_content -->","protected":false},"excerpt":{"rendered":"<p>Este fin de semana es carnaval, pero queda tiempo para la aventura. As\u00ed nos invita el Club Prisi\u00f1as de Olivenza a su pr\u00f3xima ruta, que tendr\u00e1 lugar este domingo 2 de marzo.\u00a0 Abrir\u00e1n camino y subir\u00e1n a la sierra de San Amaro hasta su atalaya, sin veredas, dentro de la localidad de Olivenza. El club [&hellip;]<!-- AddThis Advanced Settings generic via filter on get_the_excerpt --><!-- AddThis Share Buttons generic via filter on get_the_excerpt --><\/p>\n","protected":false},"author":27,"featured_media":0,"comment_status":"open","ping_status":"closed","sticky":false,"template":"","format":"standard","meta":[],"categories":[4],"tags":[],"_links":{"self":[{"href":"https:\/\/blogs.hoy.es\/senderosextremadura\/wp-json\/wp\/v2\/posts\/2540"}],"collection":[{"href":"https:\/\/blogs.hoy.es\/senderosextremadura\/wp-json\/wp\/v2\/posts"}],"about":[{"href":"https:\/\/blogs.hoy.es\/senderosextremadura\/wp-json\/wp\/v2\/types\/post"}],"author":[{"embeddable":true,"href":"https:\/\/blogs.hoy.es\/senderosextremadura\/wp-json\/wp\/v2\/users\/27"}],"replies":[{"embeddable":true,"href":"https:\/\/blogs.hoy.es\/senderosextremadura\/wp-json\/wp\/v2\/comments?post=2540"}],"version-history":[{"count":0,"href":"https:\/\/blogs.hoy.es\/senderosextremadura\/wp-json\/wp\/v2\/posts\/2540\/revisions"}],"wp:attachment":[{"href":"https:\/\/blogs.hoy.es\/senderosextremadura\/wp-json\/wp\/v2\/media?parent=2540"}],"wp:term":[{"taxonomy":"category","embeddable":true,"href":"https:\/\/blogs.hoy.es\/senderosextremadura\/wp-json\/wp\/v2\/categories?post=2540"},{"taxonomy":"post_tag","embeddable":true,"href":"https:\/\/blogs.hoy.es\/senderosextremadura\/wp-json\/wp\/v2\/tags?post=2540"}],"curies":[{"name":"wp","href":"https:\/\/api.w.org\/{rel}","templated":true}]}}