{"id":2543,"date":"2014-02-28T12:25:52","date_gmt":"2014-02-28T12:25:52","guid":{"rendered":"http:\/\/blogs.hoy.es\/senderosextremadura\/?p=2543"},"modified":"2014-02-28T12:25:52","modified_gmt":"2014-02-28T12:25:52","slug":"guarena-acoge-el-16-de-marzo-la-iii-marcha-senderista-valdearnales","status":"publish","type":"post","link":"https:\/\/blogs.hoy.es\/senderosextremadura\/2014\/02\/28\/guarena-acoge-el-16-de-marzo-la-iii-marcha-senderista-valdearnales\/","title":{"rendered":"Guare\u00f1a acoge el 16 de marzo la &#039;III Marcha Senderista Valdearnales&#039;"},"content":{"rendered":"<p><a href=\"https:\/\/blogs.hoy.es\/senderosextremadura\/\"><img loading=\"lazy\" class=\"aligncenter size-large wp-image-2545\" title=\"\" src=\"\/senderosextremadura\/wp-content\/uploads\/sites\/22\/2014\/02\/valdearenales0.jpg\" alt=\"\" width=\"600\" height=\"401\" srcset=\"https:\/\/static-blogs.hoy.es\/wp-content\/uploads\/sites\/22\/2014\/02\/valdearenales0.jpg 851w, https:\/\/static-blogs.hoy.es\/wp-content\/uploads\/sites\/22\/2014\/02\/valdearenales0-300x201.jpg 300w, https:\/\/static-blogs.hoy.es\/wp-content\/uploads\/sites\/22\/2014\/02\/valdearenales0-768x514.jpg 768w, https:\/\/static-blogs.hoy.es\/wp-content\/uploads\/sites\/22\/2014\/02\/valdearenales0-600x402.jpg 600w\" sizes=\"(max-width: 600px) 100vw, 600px\" \/><\/a><\/p>\n<p>La <strong>III Marcha Senderista Valdearnales<\/strong> se celebrar\u00e1\u00a0 el 16 de marzo en Guare\u00f1a. Gracias a las colaboraciones desinteresadas de varios comerciales e industriales de la localidad pacense &#8220;y a pesar de las dificultades econ\u00f3micas que estamos viviendo la podemos hacer otro a\u00f1o mas gratis y sin cobrar inscripciones&#8221;, explica el <a href=\"http:\/\/clubdesendederismovaldearenales.blogspot.com.es\/\" rel=\"external nofollow\"><strong>club senderista Valdearenales<\/strong><\/a>, organizadores de la actividad.<!--more--><\/p>\n<p>La marcha, que este a\u00f1o <strong>pretente reunir a unos 500 senderistas<\/strong>, consiste en un recorrido por el paraje\u00a0 del mismo nombre,\u00a0 situado en la zona sur del t\u00e9rmino municipal de Guare\u00f1a, provincia de Badajoz.\u00a0 Su orograf\u00eda y terreno est\u00e1 determinado por leves cerros, caminos y veredas, destacando la Ca\u00f1ada Real Leonesa Occidental que atraviesa la zona de Este a Oeste.<\/p>\n<p>Es rica en fauna y flora bien cantada en poemas del insigne vate extreme\u00f1o, <strong>Luis Chamizo Trigueros<\/strong>, Hijo Ilustre de la Villa de Guare\u00f1a, quien ensalz\u00f3 las virtudes y los encantos que encierra en todo su conjunto el olivo es la planta m\u00e1s predominante, adem\u00e1s de la encina, alcornoques, algunos robles\u2026 En cuanto a vegetaci\u00f3n dominan las jaras, hinojos, tagarninas, esp\u00e1rragos trigueros, brezo, retamas, t\u00e9 silvestre, romero&#8230;<br \/>\nPor lo que refiere a la fauna, la zona est\u00e1 poblada de perdices, conejos, liebres, \u00e1guilas perdiceras y zorros.<\/p>\n<p><strong>DATOS DE LA RUTA<\/strong><br \/>\nRecorrido: 18 Km. con una dificultad media-baja<br \/>\nConcentraci\u00f3n: Pabell\u00f3n La Encina a las 9:00<br \/>\nSalida: Pantano San Roque (Ermita de San Isidro)<br \/>\nY al finalizar la ruta Caldereta Extreme\u00f1a para todos los participantes acompa\u00f1ado de baile final<br \/>\nInscripciones obligatorias, gratuitas y limitadas hasta el jueves 13 de marzo en valderenales@hotmail.com<\/p>\n<p>&nbsp;<\/p>\n<!-- AddThis Advanced Settings generic via filter on the_content --><!-- AddThis Share Buttons generic via filter on the_content -->","protected":false},"excerpt":{"rendered":"<p>La III Marcha Senderista Valdearnales se celebrar\u00e1\u00a0 el 16 de marzo en Guare\u00f1a. Gracias a las colaboraciones desinteresadas de varios comerciales e industriales de la localidad pacense &#8220;y a pesar de las dificultades econ\u00f3micas que estamos viviendo la podemos hacer otro a\u00f1o mas gratis y sin cobrar inscripciones&#8221;, explica el club senderista Valdearenales, organizadores de [&hellip;]<!-- AddThis Advanced Settings generic via filter on get_the_excerpt --><!-- AddThis Share Buttons generic via filter on get_the_excerpt --><\/p>\n","protected":false},"author":27,"featured_media":0,"comment_status":"open","ping_status":"closed","sticky":false,"template":"","format":"standard","meta":[],"categories":[4],"tags":[],"_links":{"self":[{"href":"https:\/\/blogs.hoy.es\/senderosextremadura\/wp-json\/wp\/v2\/posts\/2543"}],"collection":[{"href":"https:\/\/blogs.hoy.es\/senderosextremadura\/wp-json\/wp\/v2\/posts"}],"about":[{"href":"https:\/\/blogs.hoy.es\/senderosextremadura\/wp-json\/wp\/v2\/types\/post"}],"author":[{"embeddable":true,"href":"https:\/\/blogs.hoy.es\/senderosextremadura\/wp-json\/wp\/v2\/users\/27"}],"replies":[{"embeddable":true,"href":"https:\/\/blogs.hoy.es\/senderosextremadura\/wp-json\/wp\/v2\/comments?post=2543"}],"version-history":[{"count":0,"href":"https:\/\/blogs.hoy.es\/senderosextremadura\/wp-json\/wp\/v2\/posts\/2543\/revisions"}],"wp:attachment":[{"href":"https:\/\/blogs.hoy.es\/senderosextremadura\/wp-json\/wp\/v2\/media?parent=2543"}],"wp:term":[{"taxonomy":"category","embeddable":true,"href":"https:\/\/blogs.hoy.es\/senderosextremadura\/wp-json\/wp\/v2\/categories?post=2543"},{"taxonomy":"post_tag","embeddable":true,"href":"https:\/\/blogs.hoy.es\/senderosextremadura\/wp-json\/wp\/v2\/tags?post=2543"}],"curies":[{"name":"wp","href":"https:\/\/api.w.org\/{rel}","templated":true}]}}