{"id":2555,"date":"2014-03-10T18:32:05","date_gmt":"2014-03-10T18:32:05","guid":{"rendered":"http:\/\/blogs.hoy.es\/senderosextremadura\/?p=2555"},"modified":"2014-03-10T18:32:05","modified_gmt":"2014-03-10T18:32:05","slug":"ruta-senderista-para-ninos-15-de-marzo","status":"publish","type":"post","link":"https:\/\/blogs.hoy.es\/senderosextremadura\/2014\/03\/10\/ruta-senderista-para-ninos-15-de-marzo\/","title":{"rendered":"Ruta senderista para ni\u00f1os (15 de marzo)"},"content":{"rendered":"<p>El<strong>\u00a0 <a href=\"http:\/\/www.clubsenderistaolivenza.es\/\" target=\"_blank\" rel=\"external nofollow\">Club Prisi\u00f1as de Olivenza<\/a><\/strong> ha organizado una ruta senderista para ni\u00f1os. La marcha de 8 kil\u00f3metros tendr\u00e1 lugar el pr\u00f3ximo <strong>15 de marzo<\/strong> y arrancar\u00e1 a las 16 horas desde el Paseo Grande de Olivenza.\u00a0 Habr\u00e1 merienda a medio camino.\u00a0 La actividad est\u00e1 orientada a menores\u00a0 de 14 a\u00f1os.\u00a0 Hay l\u00edmite de plazas.<\/p>\n<p>&nbsp;<\/p>\n<p>M\u00e1s informaci\u00f3n en la <a href=\"http:\/\/www.clubsenderistaolivenza.es\/\" target=\"_blank\" rel=\"external nofollow\"><strong>web del club<\/strong><\/a>.<\/p>\n<p><a href=\"https:\/\/blogs.hoy.es\/senderosextremadura\/\"><img loading=\"lazy\" class=\"aligncenter size-large wp-image-2556\" title=\"\" src=\"\/senderosextremadura\/wp-content\/uploads\/sites\/22\/2014\/03\/paseo_n.jpg\" alt=\"\" width=\"600\" height=\"336\" srcset=\"https:\/\/static-blogs.hoy.es\/wp-content\/uploads\/sites\/22\/2014\/03\/paseo_n.jpg 960w, https:\/\/static-blogs.hoy.es\/wp-content\/uploads\/sites\/22\/2014\/03\/paseo_n-300x168.jpg 300w, https:\/\/static-blogs.hoy.es\/wp-content\/uploads\/sites\/22\/2014\/03\/paseo_n-768x431.jpg 768w, https:\/\/static-blogs.hoy.es\/wp-content\/uploads\/sites\/22\/2014\/03\/paseo_n-600x337.jpg 600w\" sizes=\"(max-width: 600px) 100vw, 600px\" \/><\/a><\/p>\n<!-- AddThis Advanced Settings generic via filter on the_content --><!-- AddThis Share Buttons generic via filter on the_content -->","protected":false},"excerpt":{"rendered":"<p>El\u00a0 Club Prisi\u00f1as de Olivenza ha organizado una ruta senderista para ni\u00f1os. La marcha de 8 kil\u00f3metros tendr\u00e1 lugar el pr\u00f3ximo 15 de marzo y arrancar\u00e1 a las 16 horas desde el Paseo Grande de Olivenza.\u00a0 Habr\u00e1 merienda a medio camino.\u00a0 La actividad est\u00e1 orientada a menores\u00a0 de 14 a\u00f1os.\u00a0 Hay l\u00edmite de plazas. &nbsp; [&hellip;]<!-- AddThis Advanced Settings generic via filter on get_the_excerpt --><!-- AddThis Share Buttons generic via filter on get_the_excerpt --><\/p>\n","protected":false},"author":27,"featured_media":0,"comment_status":"open","ping_status":"closed","sticky":false,"template":"","format":"standard","meta":[],"categories":[4],"tags":[],"_links":{"self":[{"href":"https:\/\/blogs.hoy.es\/senderosextremadura\/wp-json\/wp\/v2\/posts\/2555"}],"collection":[{"href":"https:\/\/blogs.hoy.es\/senderosextremadura\/wp-json\/wp\/v2\/posts"}],"about":[{"href":"https:\/\/blogs.hoy.es\/senderosextremadura\/wp-json\/wp\/v2\/types\/post"}],"author":[{"embeddable":true,"href":"https:\/\/blogs.hoy.es\/senderosextremadura\/wp-json\/wp\/v2\/users\/27"}],"replies":[{"embeddable":true,"href":"https:\/\/blogs.hoy.es\/senderosextremadura\/wp-json\/wp\/v2\/comments?post=2555"}],"version-history":[{"count":0,"href":"https:\/\/blogs.hoy.es\/senderosextremadura\/wp-json\/wp\/v2\/posts\/2555\/revisions"}],"wp:attachment":[{"href":"https:\/\/blogs.hoy.es\/senderosextremadura\/wp-json\/wp\/v2\/media?parent=2555"}],"wp:term":[{"taxonomy":"category","embeddable":true,"href":"https:\/\/blogs.hoy.es\/senderosextremadura\/wp-json\/wp\/v2\/categories?post=2555"},{"taxonomy":"post_tag","embeddable":true,"href":"https:\/\/blogs.hoy.es\/senderosextremadura\/wp-json\/wp\/v2\/tags?post=2555"}],"curies":[{"name":"wp","href":"https:\/\/api.w.org\/{rel}","templated":true}]}}