{"id":2560,"date":"2014-03-10T19:16:43","date_gmt":"2014-03-10T19:16:43","guid":{"rendered":"http:\/\/blogs.hoy.es\/senderosextremadura\/?p=2560"},"modified":"2014-03-10T19:16:43","modified_gmt":"2014-03-10T19:16:43","slug":"espectaculares-vistas-de-monfrague-desde-los-miradores-de-serradilla-16-de-marzo","status":"publish","type":"post","link":"https:\/\/blogs.hoy.es\/senderosextremadura\/2014\/03\/10\/espectaculares-vistas-de-monfrague-desde-los-miradores-de-serradilla-16-de-marzo\/","title":{"rendered":"Espectaculares vistas de Monfrag\u00fce desde los miradores de Serradilla (16 de marzo)"},"content":{"rendered":"<div id=\"attachment_2564\" style=\"width: 610px\" class=\"wp-caption aligncenter\"><a href=\"https:\/\/blogs.hoy.es\/senderosextremadura\/\"><img aria-describedby=\"caption-attachment-2564\" loading=\"lazy\" class=\"size-large wp-image-2564\" title=\"\" src=\"\/senderosextremadura\/wp-content\/uploads\/sites\/22\/2014\/03\/monfraguen1.jpg\" alt=\"\" width=\"600\" height=\"450\" srcset=\"https:\/\/static-blogs.hoy.es\/wp-content\/uploads\/sites\/22\/2014\/03\/monfraguen1.jpg 960w, https:\/\/static-blogs.hoy.es\/wp-content\/uploads\/sites\/22\/2014\/03\/monfraguen1-300x225.jpg 300w, https:\/\/static-blogs.hoy.es\/wp-content\/uploads\/sites\/22\/2014\/03\/monfraguen1-768x576.jpg 768w, https:\/\/static-blogs.hoy.es\/wp-content\/uploads\/sites\/22\/2014\/03\/monfraguen1-600x450.jpg 600w\" sizes=\"(max-width: 600px) 100vw, 600px\" \/><\/a><p id=\"caption-attachment-2564\" class=\"wp-caption-text\">Panor\u00e1mica desde uno de los miradores:: ALFONSO DEL VIEJO<\/p><\/div>\n<p>&nbsp;<\/p>\n<p>El <a href=\"http:\/\/www.senderismoemeritaaugusta.com\/clubsenderismoemerita\/informacion%20rutas\/Serradilla.html\" rel=\"external nofollow\"><strong>Club Senderista Em\u00e9rita Augusta (M\u00e9rida)<\/strong><\/a>\u00a0 nos propone una magn\u00edfica ruta circular. Se trata de una marcha combinada que transcurre por el t\u00e9rmino municipal de <strong>Serradilla<\/strong> (C\u00e1ceres) y entra en varias ocasiones en terrenos del <strong>Parque Nacional de Monfrag\u00fce<\/strong>.<!--more--><\/p>\n<p>La sierra que pisar\u00e1n tiene un gran valor ecol\u00f3gico y los caminantes disfrutar\u00e1n de unas vistas espectaculares. La ruta tiene como principales atractivos dos miradores el de Los Frailes y el de la Sierra, tambien la Cruz del Cancho y la Cruz del Siglo. Discurrir\u00e1 su trazado por pista, camino y senda. Un poco de asfalto al principio y algunos metros empedrados. Asi que empecemos hacer las reservas cuanto antes para no tener sorpresas a ultima hora y disfrutemos de una magnifica jornada.<\/p>\n<p>&nbsp;<\/p>\n<p>M\u00e1s informaci\u00f3n de la ruta, en la <a href=\"http:\/\/www.senderismoemeritaaugusta.com\/\" target=\"_blank\" rel=\"external nofollow\"><strong>web del club.<\/strong> <\/a><\/p>\n<!-- AddThis Advanced Settings generic via filter on the_content --><!-- AddThis Share Buttons generic via filter on the_content -->","protected":false},"excerpt":{"rendered":"<p>&nbsp; El Club Senderista Em\u00e9rita Augusta (M\u00e9rida)\u00a0 nos propone una magn\u00edfica ruta circular. Se trata de una marcha combinada que transcurre por el t\u00e9rmino municipal de Serradilla (C\u00e1ceres) y entra en varias ocasiones en terrenos del Parque Nacional de Monfrag\u00fce.<!-- AddThis Advanced Settings generic via filter on get_the_excerpt --><!-- AddThis Share Buttons generic via filter on get_the_excerpt --><\/p>\n","protected":false},"author":27,"featured_media":0,"comment_status":"open","ping_status":"closed","sticky":false,"template":"","format":"standard","meta":[],"categories":[4],"tags":[],"_links":{"self":[{"href":"https:\/\/blogs.hoy.es\/senderosextremadura\/wp-json\/wp\/v2\/posts\/2560"}],"collection":[{"href":"https:\/\/blogs.hoy.es\/senderosextremadura\/wp-json\/wp\/v2\/posts"}],"about":[{"href":"https:\/\/blogs.hoy.es\/senderosextremadura\/wp-json\/wp\/v2\/types\/post"}],"author":[{"embeddable":true,"href":"https:\/\/blogs.hoy.es\/senderosextremadura\/wp-json\/wp\/v2\/users\/27"}],"replies":[{"embeddable":true,"href":"https:\/\/blogs.hoy.es\/senderosextremadura\/wp-json\/wp\/v2\/comments?post=2560"}],"version-history":[{"count":0,"href":"https:\/\/blogs.hoy.es\/senderosextremadura\/wp-json\/wp\/v2\/posts\/2560\/revisions"}],"wp:attachment":[{"href":"https:\/\/blogs.hoy.es\/senderosextremadura\/wp-json\/wp\/v2\/media?parent=2560"}],"wp:term":[{"taxonomy":"category","embeddable":true,"href":"https:\/\/blogs.hoy.es\/senderosextremadura\/wp-json\/wp\/v2\/categories?post=2560"},{"taxonomy":"post_tag","embeddable":true,"href":"https:\/\/blogs.hoy.es\/senderosextremadura\/wp-json\/wp\/v2\/tags?post=2560"}],"curies":[{"name":"wp","href":"https:\/\/api.w.org\/{rel}","templated":true}]}}