{"id":2570,"date":"2014-03-11T20:53:15","date_gmt":"2014-03-11T20:53:15","guid":{"rendered":"http:\/\/blogs.hoy.es\/senderosextremadura\/?p=2570"},"modified":"2014-03-11T20:53:15","modified_gmt":"2014-03-11T20:53:15","slug":"paseo-por-juromenha-16-de-marzo","status":"publish","type":"post","link":"https:\/\/blogs.hoy.es\/senderosextremadura\/2014\/03\/11\/paseo-por-juromenha-16-de-marzo\/","title":{"rendered":"Paseo por Juromenha (16 de marzo)"},"content":{"rendered":"<div id=\"attachment_2576\" style=\"width: 610px\" class=\"wp-caption aligncenter\"><a href=\"https:\/\/blogs.hoy.es\/senderosextremadura\/\"><img aria-describedby=\"caption-attachment-2576\" loading=\"lazy\" class=\"size-large wp-image-2576\" title=\"\" src=\"\/senderosextremadura\/wp-content\/uploads\/sites\/22\/2014\/03\/juromenha.jpg\" alt=\"\" width=\"600\" height=\"337\" srcset=\"https:\/\/static-blogs.hoy.es\/wp-content\/uploads\/sites\/22\/2014\/03\/juromenha.jpg 960w, https:\/\/static-blogs.hoy.es\/wp-content\/uploads\/sites\/22\/2014\/03\/juromenha-300x169.jpg 300w, https:\/\/static-blogs.hoy.es\/wp-content\/uploads\/sites\/22\/2014\/03\/juromenha-768x432.jpg 768w, https:\/\/static-blogs.hoy.es\/wp-content\/uploads\/sites\/22\/2014\/03\/juromenha-600x338.jpg 600w\" sizes=\"(max-width: 600px) 100vw, 600px\" \/><\/a><p id=\"caption-attachment-2576\" class=\"wp-caption-text\">Juromenha, a orillas del Alqueva<\/p><\/div>\n<p>La asociaci\u00f3n lusa <strong>Projecto Rai Alentejana<\/strong> ha organizado un nuevo paseo por las orillas de Alqueva. En este caso los caminantes que lo deseen pueden visitar la <a href=\"http:\/\/www.hoy.es\/multimedia\/fotos\/regional\/20140108\/juromenha-esplendorosa-cenicienta-3071321487325-mm.html\" rel=\"external nofollow\"><strong>villa fronteriza de Juromenha<\/strong><\/a>, muy pr\u00f3xima a Olivenza. La marcha de cinco kil\u00f3metros tendr\u00e1 lugar este domingo 16 de marzo. <!--more--><\/p>\n<p>La inscripci\u00f3n es gratuita. El punto de partida es la puerta de acceso a la fortificaci\u00f3n de Juromenha. Los caminantes y amantes del patrimonio emprender\u00e1n la marcha a las 9.30 h,\u00a0 hora local.<\/p>\n<p>&nbsp;<\/p>\n<p>GALER\u00cdAS:<\/p>\n<p><strong><span style=\"font-size: small;\"><a title=\"<b>Juromenha<\/b>, la esplendorosa cenicienta&#8221; href=&#8221;http:\/\/www.hoy.es\/multimedia\/fotos\/regional\/20140108\/juromenha-esplendorosa-cenicienta-3071321487325-mm.html&#8221; target=&#8221;_blank&#8221;>Juromenha, la esplendorosa cenicienta<\/a><\/span><\/strong><\/p>\n<h2><span style=\"font-size: small;\"><a title=\"Los secretos de la fortaleza de <b>Juromenha<\/b> y de San Rom\u00e2o&#8221; href=&#8221;http:\/\/www.hoy.es\/multimedia\/fotos\/regional\/20131120\/secretos-fortaleza-juromenha-romao-3063997648030-mm.html&#8221; target=&#8221;_blank&#8221;>Los secretos de la fortaleza de <strong>Juromenha<\/strong> y de San Rom\u00e2o<\/a><\/span><\/h2>\n<h2><span style=\"font-size: small;\"><a title=\"La ruta que descubre los secretos de <b>Juromenha<\/b>&#8221; href=&#8221;http:\/\/www.hoy.es\/multimedia\/fotos\/regional\/20131120\/ruta-descubre-secretos-juromenha-3063986817883-mm.html&#8221; target=&#8221;_blank&#8221;>La ruta que descubre los secretos de <strong>Juromenha<\/strong><\/a><\/span><\/h2>\n<!-- AddThis Advanced Settings generic via filter on the_content --><!-- AddThis Share Buttons generic via filter on the_content -->","protected":false},"excerpt":{"rendered":"<p>La asociaci\u00f3n lusa Projecto Rai Alentejana ha organizado un nuevo paseo por las orillas de Alqueva. En este caso los caminantes que lo deseen pueden visitar la villa fronteriza de Juromenha, muy pr\u00f3xima a Olivenza. La marcha de cinco kil\u00f3metros tendr\u00e1 lugar este domingo 16 de marzo.<!-- AddThis Advanced Settings generic via filter on get_the_excerpt --><!-- AddThis Share Buttons generic via filter on get_the_excerpt --><\/p>\n","protected":false},"author":27,"featured_media":0,"comment_status":"open","ping_status":"closed","sticky":false,"template":"","format":"standard","meta":[],"categories":[4],"tags":[],"_links":{"self":[{"href":"https:\/\/blogs.hoy.es\/senderosextremadura\/wp-json\/wp\/v2\/posts\/2570"}],"collection":[{"href":"https:\/\/blogs.hoy.es\/senderosextremadura\/wp-json\/wp\/v2\/posts"}],"about":[{"href":"https:\/\/blogs.hoy.es\/senderosextremadura\/wp-json\/wp\/v2\/types\/post"}],"author":[{"embeddable":true,"href":"https:\/\/blogs.hoy.es\/senderosextremadura\/wp-json\/wp\/v2\/users\/27"}],"replies":[{"embeddable":true,"href":"https:\/\/blogs.hoy.es\/senderosextremadura\/wp-json\/wp\/v2\/comments?post=2570"}],"version-history":[{"count":0,"href":"https:\/\/blogs.hoy.es\/senderosextremadura\/wp-json\/wp\/v2\/posts\/2570\/revisions"}],"wp:attachment":[{"href":"https:\/\/blogs.hoy.es\/senderosextremadura\/wp-json\/wp\/v2\/media?parent=2570"}],"wp:term":[{"taxonomy":"category","embeddable":true,"href":"https:\/\/blogs.hoy.es\/senderosextremadura\/wp-json\/wp\/v2\/categories?post=2570"},{"taxonomy":"post_tag","embeddable":true,"href":"https:\/\/blogs.hoy.es\/senderosextremadura\/wp-json\/wp\/v2\/tags?post=2570"}],"curies":[{"name":"wp","href":"https:\/\/api.w.org\/{rel}","templated":true}]}}