{"id":2572,"date":"2014-03-12T21:43:34","date_gmt":"2014-03-12T21:43:34","guid":{"rendered":"http:\/\/blogs.hoy.es\/senderosextremadura\/?p=2572"},"modified":"2014-03-12T21:43:34","modified_gmt":"2014-03-12T21:43:34","slug":"caminata-por-los-paisajes-sagrados-del-tajo-internacional-galeria","status":"publish","type":"post","link":"https:\/\/blogs.hoy.es\/senderosextremadura\/2014\/03\/12\/caminata-por-los-paisajes-sagrados-del-tajo-internacional-galeria\/","title":{"rendered":"Caminata por los paisajes sagrados del Tajo Internacional (Galer\u00eda)"},"content":{"rendered":"<div id=\"attachment_2573\" style=\"width: 610px\" class=\"wp-caption aligncenter\"><a href=\"https:\/\/blogs.hoy.es\/senderosextremadura\/2014\/03\/12\/caminata-por-los-paisajes-sagrados-del-tajo-internacional-galeria\/maricruz-suarezn\/\" rel=\"attachment wp-att-2573\"><img aria-describedby=\"caption-attachment-2573\" loading=\"lazy\" class=\"size-large wp-image-2573\" title=\"\" src=\"\/senderosextremadura\/wp-content\/uploads\/sites\/22\/2014\/03\/MARICRUZ-SUAREZn.jpg\" alt=\"\" width=\"600\" height=\"336\" srcset=\"https:\/\/static-blogs.hoy.es\/wp-content\/uploads\/sites\/22\/2014\/03\/MARICRUZ-SUAREZn.jpg 960w, https:\/\/static-blogs.hoy.es\/wp-content\/uploads\/sites\/22\/2014\/03\/MARICRUZ-SUAREZn-300x168.jpg 300w, https:\/\/static-blogs.hoy.es\/wp-content\/uploads\/sites\/22\/2014\/03\/MARICRUZ-SUAREZn-768x431.jpg 768w, https:\/\/static-blogs.hoy.es\/wp-content\/uploads\/sites\/22\/2014\/03\/MARICRUZ-SUAREZn-600x337.jpg 600w\" sizes=\"(max-width: 600px) 100vw, 600px\" \/><\/a><p id=\"caption-attachment-2573\" class=\"wp-caption-text\">Entrada a la cueva de El Buraco:: MARI CRUZ SU\u00c1REZ<\/p><\/div>\n<p>&nbsp;<\/p>\n<p><a href=\"http:\/\/www.hoy.es\/multimedia\/fotos\/regional\/20140312\/ruta-paisajes-sagrados-tajo-3073591013011-mm.html\" rel=\"external nofollow\"><strong>VER GALER\u00cdA DE FOTOS DE LA RUTA<\/strong> <\/a><\/p>\n<p>El d\u00eda hab\u00eda amanecido templado, estaba nublado, eran las 10:00 de la ma\u00f1ana y daba comienzo la jornada. All\u00ed, en el Complejo Tur\u00edstico \u201cEl Buraco\u201d de Santiago de Alc\u00e1ntara, rodeados de la dehesa que en estas fechas es verde, divisando el pueblo reflejado en las aguas de su pantano, arropados por la sierra y divisados desde Portugal, a las puertas del Centro de Interpretaci\u00f3n de la Cultura Dolm\u00e9nica, los gu\u00edas se presentan, nos hablan del Territorio, de las tierras viejas del Tajo, de los hombres que hac\u00edan d\u00f3lmenes, del agua del r\u00edo que une dos pa\u00edses y a las gentes que los habitan, de un espacio com\u00fan en el que est\u00e1 la cicatriz de los zarpazos que se dieron Madrid y Lisboa.<br \/>\n<!--more--><br \/>\nDentro del Centro de Interpretaci\u00f3n los tambores, las voces y la penumbra crean un ambiente sugerente, da la sensaci\u00f3n de que estamos invadiendo un dolmen del siglo XXI en el que a\u00fan habitan las esencias de los ancestros. Se trata de un centro peque\u00f1o pero bien dotado en el que el visitante se empapa de la Prehistoria de la comarca y a\u00fan m\u00e1s, de la Cuenca del Tajo.<\/p>\n<div id=\"attachment_2575\" style=\"width: 610px\" class=\"wp-caption aligncenter\"><a href=\"https:\/\/blogs.hoy.es\/senderosextremadura\/2014\/03\/12\/caminata-por-los-paisajes-sagrados-del-tajo-internacional-galeria\/dolmen-3\/\" rel=\"attachment wp-att-2575\"><img aria-describedby=\"caption-attachment-2575\" loading=\"lazy\" class=\"size-large wp-image-2575\" title=\"\" src=\"\/senderosextremadura\/wp-content\/uploads\/sites\/22\/2014\/03\/DOLMEN-3.jpg\" alt=\"\" width=\"600\" height=\"278\" srcset=\"https:\/\/static-blogs.hoy.es\/wp-content\/uploads\/sites\/22\/2014\/03\/DOLMEN-3.jpg 647w, https:\/\/static-blogs.hoy.es\/wp-content\/uploads\/sites\/22\/2014\/03\/DOLMEN-3-300x139.jpg 300w, https:\/\/static-blogs.hoy.es\/wp-content\/uploads\/sites\/22\/2014\/03\/DOLMEN-3-600x278.jpg 600w\" sizes=\"(max-width: 600px) 100vw, 600px\" \/><\/a><p id=\"caption-attachment-2575\" class=\"wp-caption-text\">Dolmen:: LUIS PASTOR<\/p><\/div>\n<p>Una vez visitado, bajo la encina que est\u00e1 en el centro del poblado simulado de la Edad del Hierro nos cuentan historias de c\u00f3mo los hombres y las mujeres de la Prehistoria cambiaron sus formas de vida a medida que se pasa de una sociedad neol\u00edtica a una sociedad metal\u00fargica, y despu\u00e9s comienza la subida al Buraco, al Agujero, a la Cueva.<\/p>\n<p>El ascenso es c\u00f3modo, son dos kil\u00f3metros serpenteando la sierra, charlando con los compa\u00f1eros, tomando otra perspectiva del paisaje, vi\u00e9ndolo desde arriba, como un \u00e1guila y observando las aves y una naturaleza que se antoja exuberante, que sorprende y que despierta olfato, tacto, vista y o\u00eddo. El \u00faltimo tramo se hace por un peque\u00f1o bosquecillo de madro\u00f1os, labi\u00e9rnagos y chaparras que sirven de antesala al Buraco y sus pinturas. Antes de llegar todav\u00eda queda una \u00faltima sorpresa, a pocos metros del sendero una pareja de buitres ha hecho su nido y desde este nos miran, nos observan sin extra\u00f1eza.<\/p>\n<p>Ya en el Buraco sorprende todo: Las Vistas, son inmensas, eternas en el espacio, vi\u00e9ndose el otro lado del espejo de la frontera, Portugal enfrente o al lado, seg\u00fan se quiera ver. Las pinturas, sencillas pero bellas, hechas por las manos de los Hombres de la Tierra salpicada de alcornoques, encinas y d\u00f3lmenes. Y el aire, es puro, limpio, del campo.<\/p>\n<p>En la subida todav\u00eda queda el \u00faltimo esfuerzo, caminamos entre piedras, paredes derruidas de otros pueblos casi olvidados. Desde lo alto de la Cabeza del Buey, ocurre igual que en Marv\u00e3o, como dijo Saramago, se ve la Tierra toda, son 360\u00ba de belleza que hacen peque\u00f1o, y a la par grande, al visitante. Es un sitio estrat\u00e9gico, antiguo suelo de un poblado ya desconocido, posiblemente del tiempo de Viriato; quien sabe, incluso, si \u00e9ste lo pis\u00f3. Es el lugar donde los gu\u00edas nos cuentan las leyendas locales referidas al Caudillo Lusitano, nos cuentan como los suyos lo entregaron a los romanos y como sus valientes velaron su cuerpo para asegurar el tr\u00e1nsito de su esp\u00edritu inmortal. Es mejor no contar m\u00e1s y que las almas inquietas suban a ese monte donde el aire y las piedras susurran a quien quiera y sepa escuchar.<\/p>\n<p>Es hora de bajar, vamos al pueblo, t\u00edpico extreme\u00f1o, un caser\u00edo acogedor y blanco, con algunas pinceladas de color herencia o influencia de Portugal, y despu\u00e9s de comer y tomar un caf\u00e9 partimos hacia la \u00faltima visita de este viaje. Vamos a ver los d\u00f3lmenes de la Era de la Laguna, dos monumentos de pizarra, cada uno con sus particularidades que hace cinco mil a\u00f1os sirvieron de pante\u00f3n de los habitantes de estos Paisajes Sagrados del Tajo \u2013 Internacional, y hoy suponen un punto de encuentro con ellos y el lugar donde nos despedimos de todo un d\u00eda lleno de Historia, Tierra y Personas de hoy, pero sobre todo, de otros tiempos\u2026<\/p>\n<p><strong><em>J. C\u00e1ndido Flores Bautista<\/em><\/strong><br \/>\n<em>Historiador e Hijo de la Tierra<\/em><\/p>\n<!-- AddThis Advanced Settings generic via filter on the_content --><!-- AddThis Share Buttons generic via filter on the_content -->","protected":false},"excerpt":{"rendered":"<p>&nbsp; VER GALER\u00cdA DE FOTOS DE LA RUTA El d\u00eda hab\u00eda amanecido templado, estaba nublado, eran las 10:00 de la ma\u00f1ana y daba comienzo la jornada. All\u00ed, en el Complejo Tur\u00edstico \u201cEl Buraco\u201d de Santiago de Alc\u00e1ntara, rodeados de la dehesa que en estas fechas es verde, divisando el pueblo reflejado en las aguas de [&hellip;]<!-- AddThis Advanced Settings generic via filter on get_the_excerpt --><!-- AddThis Share Buttons generic via filter on get_the_excerpt --><\/p>\n","protected":false},"author":27,"featured_media":0,"comment_status":"open","ping_status":"closed","sticky":false,"template":"","format":"standard","meta":[],"categories":[4],"tags":[],"_links":{"self":[{"href":"https:\/\/blogs.hoy.es\/senderosextremadura\/wp-json\/wp\/v2\/posts\/2572"}],"collection":[{"href":"https:\/\/blogs.hoy.es\/senderosextremadura\/wp-json\/wp\/v2\/posts"}],"about":[{"href":"https:\/\/blogs.hoy.es\/senderosextremadura\/wp-json\/wp\/v2\/types\/post"}],"author":[{"embeddable":true,"href":"https:\/\/blogs.hoy.es\/senderosextremadura\/wp-json\/wp\/v2\/users\/27"}],"replies":[{"embeddable":true,"href":"https:\/\/blogs.hoy.es\/senderosextremadura\/wp-json\/wp\/v2\/comments?post=2572"}],"version-history":[{"count":0,"href":"https:\/\/blogs.hoy.es\/senderosextremadura\/wp-json\/wp\/v2\/posts\/2572\/revisions"}],"wp:attachment":[{"href":"https:\/\/blogs.hoy.es\/senderosextremadura\/wp-json\/wp\/v2\/media?parent=2572"}],"wp:term":[{"taxonomy":"category","embeddable":true,"href":"https:\/\/blogs.hoy.es\/senderosextremadura\/wp-json\/wp\/v2\/categories?post=2572"},{"taxonomy":"post_tag","embeddable":true,"href":"https:\/\/blogs.hoy.es\/senderosextremadura\/wp-json\/wp\/v2\/tags?post=2572"}],"curies":[{"name":"wp","href":"https:\/\/api.w.org\/{rel}","templated":true}]}}