{"id":2577,"date":"2014-03-25T09:53:51","date_gmt":"2014-03-25T09:53:51","guid":{"rendered":"http:\/\/blogs.hoy.es\/senderosextremadura\/?p=2577"},"modified":"2014-03-25T09:53:51","modified_gmt":"2014-03-25T09:53:51","slug":"i-ruta-de-senderismo-cabeza-la-vaca-6-de-abril","status":"publish","type":"post","link":"https:\/\/blogs.hoy.es\/senderosextremadura\/2014\/03\/25\/i-ruta-de-senderismo-cabeza-la-vaca-6-de-abril\/","title":{"rendered":"I Ruta de Senderismo Cabeza la Vaca, Sierra de Tentud\u00eda (6 de abril)"},"content":{"rendered":"<p><a href=\"https:\/\/blogs.hoy.es\/senderosextremadura\/\"><img loading=\"lazy\" class=\"aligncenter size-full wp-image-2579\" title=\"Cartel de la ruta\" src=\"\/senderosextremadura\/wp-content\/uploads\/sites\/22\/2014\/03\/ruta-cabeza-lavaca.jpg\" alt=\"\" width=\"369\" height=\"534\" srcset=\"https:\/\/static-blogs.hoy.es\/wp-content\/uploads\/sites\/22\/2014\/03\/ruta-cabeza-lavaca.jpg 369w, https:\/\/static-blogs.hoy.es\/wp-content\/uploads\/sites\/22\/2014\/03\/ruta-cabeza-lavaca-207x300.jpg 207w\" sizes=\"(max-width: 369px) 100vw, 369px\" \/><\/a>El Ayuntamiento de Cabeza la Vaca -a trav\u00e9s de su servicio de deportes- organiza la\u00a0 <strong>I Ruta de Senderismo &#8216;Cabeza la Vaca, Sierra de Tentud\u00eda&#8217;<\/strong>. La marcha tendr\u00e1 lugar el pr\u00f3ximo domingo d\u00eda 6 de abril, y en su organizaci\u00f3n colabora la Mancomunidad de Tentud\u00eda.<br \/>\n<!--more--><br \/>\nSe trata de una <strong>prueba no federada<\/strong> en la que pueden participar todas las personas que lo deseen mayores de 15 a\u00f1os debiendo de realizar previamente la inscripci\u00f3n.<\/p>\n<p>Con una distancia total de <strong>21 kil\u00f3metros de dificultad media<\/strong>,\u00a0 se recorrer\u00e1 parte de la Sierra de Tentud\u00eda en las estribaciones de Sierra Morena, junto al Parque Natural Sierra de Aracena y Picos de Aroche.<\/p>\n<p>La prueba discurre alrededor de este macizo monta\u00f1oso, con cumbres que superan los\u00a0 1000 metros de altura, convirtiendo a la zona en un para\u00edso para la pr\u00e1ctica de este tipo de deportes o cualquiera de ellos al aire libre.<\/p>\n<p>Todas aquellas personas interesadas pueden encontrar su inscripci\u00f3n en la web <a href=\"www.carrerasierradetentud\u00eda.blogspot.com\" target=\"_blank\"><strong>www.carrerasierradetentud\u00eda.blogspot.com<\/strong><\/a>, donde una vez rellenado y enviado el formulario, han de realizar el ingreso de 5 euros en la cuenta que el club \u2018Puerto Lobo\u2019 posee en Caja Rural de Extremadura. Con el dinero de la inscripci\u00f3n se incluye dos avituallamientos, una mochila gimbag y una camiseta t\u00e9cnica trail.<\/p>\n<p>El plazo de inscripci\u00f3n es hasta el jueves 3 de abril o bien hasta agotar el n\u00famero de plazas.<\/p>\n<p>La organizaci\u00f3n ha cre\u00eddo conveniente, en este sentido, que sean 200 inscripciones el n\u00famero m\u00e1ximo de participantes.<\/p>\n<p>Los caminantes saldr\u00e1n desde la Plaza Espa\u00f1a de Cabeza la Vaca, donde podr\u00e1n recoger la camiseta y mochila, a partir de las 9.00 horas de la ma\u00f1ana del domingo d\u00eda 6 de abril.<\/p>\n<p>Si necesitan m\u00e1s informaci\u00f3n la pueden recibir en el tel\u00e9fono 605 28 72 11 o bien mediante el correo electr\u00f3nico <a href=\"mailto:clvsierradetentudia@gmail.com\" target=\"_blank\">clvsierradetentudia@gmail.com<\/a>.<\/p>\n<p>&nbsp;<\/p>\n<p><em><strong>Loli Vargas<\/strong><\/em><\/p>\n<p><em><strong>Corresponsal de <a href=\"www.hoymonesterio.es\">HOY Monesterio<\/a><\/strong><\/em><\/p>\n<p>&nbsp;<\/p>\n<!-- AddThis Advanced Settings generic via filter on the_content --><!-- AddThis Share Buttons generic via filter on the_content -->","protected":false},"excerpt":{"rendered":"<p>El Ayuntamiento de Cabeza la Vaca -a trav\u00e9s de su servicio de deportes- organiza la\u00a0 I Ruta de Senderismo &#8216;Cabeza la Vaca, Sierra de Tentud\u00eda&#8217;. La marcha tendr\u00e1 lugar el pr\u00f3ximo domingo d\u00eda 6 de abril, y en su organizaci\u00f3n colabora la Mancomunidad de Tentud\u00eda.<!-- AddThis Advanced Settings generic via filter on get_the_excerpt --><!-- AddThis Share Buttons generic via filter on get_the_excerpt --><\/p>\n","protected":false},"author":27,"featured_media":0,"comment_status":"open","ping_status":"closed","sticky":false,"template":"","format":"standard","meta":[],"categories":[4],"tags":[116,135,552,817,836,867,917,944,1035],"_links":{"self":[{"href":"https:\/\/blogs.hoy.es\/senderosextremadura\/wp-json\/wp\/v2\/posts\/2577"}],"collection":[{"href":"https:\/\/blogs.hoy.es\/senderosextremadura\/wp-json\/wp\/v2\/posts"}],"about":[{"href":"https:\/\/blogs.hoy.es\/senderosextremadura\/wp-json\/wp\/v2\/types\/post"}],"author":[{"embeddable":true,"href":"https:\/\/blogs.hoy.es\/senderosextremadura\/wp-json\/wp\/v2\/users\/27"}],"replies":[{"embeddable":true,"href":"https:\/\/blogs.hoy.es\/senderosextremadura\/wp-json\/wp\/v2\/comments?post=2577"}],"version-history":[{"count":0,"href":"https:\/\/blogs.hoy.es\/senderosextremadura\/wp-json\/wp\/v2\/posts\/2577\/revisions"}],"wp:attachment":[{"href":"https:\/\/blogs.hoy.es\/senderosextremadura\/wp-json\/wp\/v2\/media?parent=2577"}],"wp:term":[{"taxonomy":"category","embeddable":true,"href":"https:\/\/blogs.hoy.es\/senderosextremadura\/wp-json\/wp\/v2\/categories?post=2577"},{"taxonomy":"post_tag","embeddable":true,"href":"https:\/\/blogs.hoy.es\/senderosextremadura\/wp-json\/wp\/v2\/tags?post=2577"}],"curies":[{"name":"wp","href":"https:\/\/api.w.org\/{rel}","templated":true}]}}