{"id":2580,"date":"2014-03-14T10:06:40","date_gmt":"2014-03-14T10:06:40","guid":{"rendered":"http:\/\/blogs.hoy.es\/senderosextremadura\/?p=2580"},"modified":"2014-03-14T10:06:40","modified_gmt":"2014-03-14T10:06:40","slug":"recorrido-por-la-senda-maja-robledo-30-de-marzo","status":"publish","type":"post","link":"https:\/\/blogs.hoy.es\/senderosextremadura\/2014\/03\/14\/recorrido-por-la-senda-maja-robledo-30-de-marzo\/","title":{"rendered":"Recorrido por la &#039;Senda Maj\u00e1 Robledo&#039; (30 de marzo)"},"content":{"rendered":"<div id=\"attachment_2582\" style=\"width: 506px\" class=\"wp-caption aligncenter\"><a href=\"https:\/\/blogs.hoy.es\/senderosextremadura\/\"><img aria-describedby=\"caption-attachment-2582\" loading=\"lazy\" class=\" wp-image-2582\" title=\"\" src=\"\/senderosextremadura\/wp-content\/uploads\/sites\/22\/2014\/03\/mapa.jpg\" alt=\"\" width=\"496\" height=\"270\" srcset=\"https:\/\/static-blogs.hoy.es\/wp-content\/uploads\/sites\/22\/2014\/03\/mapa.jpg 1001w, https:\/\/static-blogs.hoy.es\/wp-content\/uploads\/sites\/22\/2014\/03\/mapa-300x164.jpg 300w, https:\/\/static-blogs.hoy.es\/wp-content\/uploads\/sites\/22\/2014\/03\/mapa-768x420.jpg 768w, https:\/\/static-blogs.hoy.es\/wp-content\/uploads\/sites\/22\/2014\/03\/mapa-600x328.jpg 600w\" sizes=\"(max-width: 496px) 100vw, 496px\" \/><\/a><p id=\"caption-attachment-2582\" class=\"wp-caption-text\">Recorrido de la marcha por la comarca de Las Hurdes.<\/p><\/div>\n<p>El Departamento de Deportes del <strong>Ayuntamiento de Coria<\/strong> ha presentado\u00a0 la tercera ruta senderista de la temporada 2014. Se trata de la marcha denominada &#8216;Senda Maj\u00e1 Robledo&#8217;, una ruta que discurrep por la <strong>comarca de Las Hurdes.<\/strong><\/p>\n<p><!--more--><\/p>\n<p>La marcha tendr\u00e1 lugar el domingo 30 de marzo, siendo la hora de salida del autob\u00fas a las 08:00 horas desde la Casa de Cultura de Coria. El recorrido discurre por parajes pr\u00f3ximos a la localidad de <strong>Casares de las Hurdes.<\/strong><\/p>\n<p>Puedes inscribirte hasta el 27 de marzo a trav\u00e9s de la <a href=\"http:\/\/senderismocoria.blogspot.com.es\/\" rel=\"external nofollow\"><strong>web de Senderismo Coria<\/strong><\/a> o a trav\u00e9s de las siguientes v\u00edas:<\/p>\n<ul>\n<li>\n<div align=\"JUSTIFY\">En el Departamento de Deportes, bien por <strong>tel\u00e9fono.: 927.50.80.33, m\u00f3vil: 618.84.67.98<\/strong><\/div>\n<\/li>\n<li>\n<div align=\"JUSTIFY\">V\u00eda e-mail: <span style=\"text-decoration: underline;\"><a href=\"mailto:deportescdeportescoria@coria.org\"><strong>deportescoria@coria.org<\/strong><\/a><\/span>. Necesitan <strong>nombre y apellidos, DNI, fecha de nacimiento, tel\u00e9fono o m\u00f3vil de contacto, y localidad.<\/strong><\/div>\n<\/li>\n<\/ul>\n<p>&nbsp;<\/p>\n<div>Las caracter\u00edsticas t\u00e9cnicas de la ruta corresponden con:<\/div>\n<ul>\n<li>\n<div><span style=\"text-decoration: underline;\"><strong>Dificultad<\/strong><\/span><strong>: MEDIA.<\/strong><\/div>\n<\/li>\n<li>\n<div><span style=\"text-decoration: underline;\"><strong>Tipolog\u00eda:<\/strong><\/span><strong> Circular.<\/strong><\/div>\n<\/li>\n<li>\n<div><span style=\"text-decoration: underline;\"><strong>Distancia y tiempo<\/strong><\/span><strong>: 15,22 km (4 h 25\u00b4).<\/strong><\/div>\n<\/li>\n<li>\n<div><span style=\"text-decoration: underline;\"><strong>Ascenso acumulado<\/strong><\/span><strong>: 596 m.<\/strong><\/div>\n<\/li>\n<li>\n<div><span style=\"text-decoration: underline;\"><strong>Altitud M\u00e1xima<\/strong><\/span><strong>: 992 m.<\/strong><\/div>\n<\/li>\n<li>\n<div><span style=\"text-decoration: underline;\"><strong>Altitud M\u00ednima<\/strong><\/span><strong>: 621 m.<\/strong><\/div>\n<\/li>\n<li>\n<div><span style=\"text-decoration: underline;\"><strong>Max<\/strong><\/span><span style=\"text-decoration: underline;\"><strong>. Pendiente<\/strong><\/span><strong>: 31,1%<\/strong><\/div>\n<\/li>\n<li>\n<div><span style=\"text-decoration: underline;\"><strong>Min<\/strong><\/span><span style=\"text-decoration: underline;\"><strong>. Pendiente<\/strong><\/span><strong>: -27,4%<\/strong><\/div>\n<\/li>\n<\/ul>\n<!-- AddThis Advanced Settings generic via filter on the_content --><!-- AddThis Share Buttons generic via filter on the_content -->","protected":false},"excerpt":{"rendered":"<p>El Departamento de Deportes del Ayuntamiento de Coria ha presentado\u00a0 la tercera ruta senderista de la temporada 2014. Se trata de la marcha denominada &#8216;Senda Maj\u00e1 Robledo&#8217;, una ruta que discurrep por la comarca de Las Hurdes.<!-- AddThis Advanced Settings generic via filter on get_the_excerpt --><!-- AddThis Share Buttons generic via filter on get_the_excerpt --><\/p>\n","protected":false},"author":27,"featured_media":0,"comment_status":"open","ping_status":"closed","sticky":false,"template":"","format":"standard","meta":[],"categories":[4],"tags":[],"_links":{"self":[{"href":"https:\/\/blogs.hoy.es\/senderosextremadura\/wp-json\/wp\/v2\/posts\/2580"}],"collection":[{"href":"https:\/\/blogs.hoy.es\/senderosextremadura\/wp-json\/wp\/v2\/posts"}],"about":[{"href":"https:\/\/blogs.hoy.es\/senderosextremadura\/wp-json\/wp\/v2\/types\/post"}],"author":[{"embeddable":true,"href":"https:\/\/blogs.hoy.es\/senderosextremadura\/wp-json\/wp\/v2\/users\/27"}],"replies":[{"embeddable":true,"href":"https:\/\/blogs.hoy.es\/senderosextremadura\/wp-json\/wp\/v2\/comments?post=2580"}],"version-history":[{"count":0,"href":"https:\/\/blogs.hoy.es\/senderosextremadura\/wp-json\/wp\/v2\/posts\/2580\/revisions"}],"wp:attachment":[{"href":"https:\/\/blogs.hoy.es\/senderosextremadura\/wp-json\/wp\/v2\/media?parent=2580"}],"wp:term":[{"taxonomy":"category","embeddable":true,"href":"https:\/\/blogs.hoy.es\/senderosextremadura\/wp-json\/wp\/v2\/categories?post=2580"},{"taxonomy":"post_tag","embeddable":true,"href":"https:\/\/blogs.hoy.es\/senderosextremadura\/wp-json\/wp\/v2\/tags?post=2580"}],"curies":[{"name":"wp","href":"https:\/\/api.w.org\/{rel}","templated":true}]}}