{"id":2583,"date":"2014-03-19T21:56:55","date_gmt":"2014-03-19T21:56:55","guid":{"rendered":"http:\/\/blogs.hoy.es\/senderosextremadura\/?p=2583"},"modified":"2014-03-19T21:56:55","modified_gmt":"2014-03-19T21:56:55","slug":"abierto-el-plazo-para-inscribirse-en-la-ruta-del-garbanzo-de-almoharin-30-de-marzo","status":"publish","type":"post","link":"https:\/\/blogs.hoy.es\/senderosextremadura\/2014\/03\/19\/abierto-el-plazo-para-inscribirse-en-la-ruta-del-garbanzo-de-almoharin-30-de-marzo\/","title":{"rendered":"Vuelve la &#039;Ruta del Garbanzo de Almohar\u00edn&#039; (30 de marzo)"},"content":{"rendered":"<div id=\"attachment_2607\" style=\"width: 610px\" class=\"wp-caption aligncenter\"><a href=\"https:\/\/blogs.hoy.es\/senderosextremadura\/\"><img aria-describedby=\"caption-attachment-2607\" loading=\"lazy\" class=\"size-large wp-image-2607\" title=\"\" src=\"\/senderosextremadura\/wp-content\/uploads\/sites\/22\/2014\/03\/resizer.jpg\" alt=\"\" width=\"600\" height=\"450\" srcset=\"https:\/\/static-blogs.hoy.es\/wp-content\/uploads\/sites\/22\/2014\/03\/resizer.jpg 760w, https:\/\/static-blogs.hoy.es\/wp-content\/uploads\/sites\/22\/2014\/03\/resizer-300x225.jpg 300w, https:\/\/static-blogs.hoy.es\/wp-content\/uploads\/sites\/22\/2014\/03\/resizer-600x450.jpg 600w\" sizes=\"(max-width: 600px) 100vw, 600px\" \/><\/a><p id=\"caption-attachment-2607\" class=\"wp-caption-text\">Senderistas extreme\u00f1os en la Ruta del Garbanzo de Almohar\u00edn:: A.M.<\/p><\/div>\n<p>Ya est\u00e1 abierto el plazo para inscribirse a la <strong>&#8220;<a href=\"http:\/\/www.hoy.es\/multimedia\/fotos\/ultimos\/97397-ruta-sierra-almoharin-0.html\" rel=\"external nofollow\">Ruta del Garbanzo&#8221; por las sierras de Almohar\u00edn<\/a><\/strong>, que tendr\u00e1 lugar el pr\u00f3ximo\u00a0 domingo <strong>30 de marzo.<\/strong> Se trata de una marcha circular de unos 18 kil\u00f3metros organizada un a\u00f1o m\u00e1s por los amigos de <a href=\"https:\/\/www.facebook.com\/senderismo.almoharin\" rel=\"external nofollow\"><strong>Senderismo Almohar\u00edn<\/strong><\/a>. Al terminar la caminata habr\u00e1 gazpacho y garbanzos por cortes\u00eda de la organizaci\u00f3n. Siempre amables y atentos con los visitantes.<\/p>\n<p><!--more-->Los interesados pueden apuntarse a trav\u00e9s del Ayuntamiento de la localidad cacere\u00f1a o bien\u00a0 a trav\u00e9s del correo electr\u00f3nico del club\u00a0 <strong>senderismoalmojarin@hotmai<\/strong><wbr><strong>l.com<\/strong>. El plazo finaliza el jueves 27 de marzo.<\/wbr><\/p>\n<p><a href=\"http:\/\/www.hoy.es\/multimedia\/fotos\/ultimos\/97397-ruta-sierra-almoharin-0.html\" rel=\"external nofollow\"><strong>Galer\u00eda:: Im\u00e1genes de la Ruta del Garbanzo en 2012<\/strong><\/a><a href=\"https:\/\/blogs.hoy.es\/senderosextremadura\/\"><img loading=\"lazy\" class=\"aligncenter size-full wp-image-2606\" title=\"\" src=\"\/senderosextremadura\/wp-content\/uploads\/sites\/22\/2014\/03\/almoharin.jpg\" alt=\"\" width=\"277\" height=\"403\" srcset=\"https:\/\/static-blogs.hoy.es\/wp-content\/uploads\/sites\/22\/2014\/03\/almoharin.jpg 277w, https:\/\/static-blogs.hoy.es\/wp-content\/uploads\/sites\/22\/2014\/03\/almoharin-206x300.jpg 206w\" sizes=\"(max-width: 277px) 100vw, 277px\" \/><\/a><\/p>\n<!-- AddThis Advanced Settings generic via filter on the_content --><!-- AddThis Share Buttons generic via filter on the_content -->","protected":false},"excerpt":{"rendered":"<p>Ya est\u00e1 abierto el plazo para inscribirse a la &#8220;Ruta del Garbanzo&#8221; por las sierras de Almohar\u00edn, que tendr\u00e1 lugar el pr\u00f3ximo\u00a0 domingo 30 de marzo. Se trata de una marcha circular de unos 18 kil\u00f3metros organizada un a\u00f1o m\u00e1s por los amigos de Senderismo Almohar\u00edn. Al terminar la caminata habr\u00e1 gazpacho y garbanzos por [&hellip;]<!-- AddThis Advanced Settings generic via filter on get_the_excerpt --><!-- AddThis Share Buttons generic via filter on get_the_excerpt --><\/p>\n","protected":false},"author":3,"featured_media":0,"comment_status":"open","ping_status":"closed","sticky":false,"template":"","format":"standard","meta":[],"categories":[4],"tags":[86,113,301,763,817,906,944,954,1035],"_links":{"self":[{"href":"https:\/\/blogs.hoy.es\/senderosextremadura\/wp-json\/wp\/v2\/posts\/2583"}],"collection":[{"href":"https:\/\/blogs.hoy.es\/senderosextremadura\/wp-json\/wp\/v2\/posts"}],"about":[{"href":"https:\/\/blogs.hoy.es\/senderosextremadura\/wp-json\/wp\/v2\/types\/post"}],"author":[{"embeddable":true,"href":"https:\/\/blogs.hoy.es\/senderosextremadura\/wp-json\/wp\/v2\/users\/3"}],"replies":[{"embeddable":true,"href":"https:\/\/blogs.hoy.es\/senderosextremadura\/wp-json\/wp\/v2\/comments?post=2583"}],"version-history":[{"count":0,"href":"https:\/\/blogs.hoy.es\/senderosextremadura\/wp-json\/wp\/v2\/posts\/2583\/revisions"}],"wp:attachment":[{"href":"https:\/\/blogs.hoy.es\/senderosextremadura\/wp-json\/wp\/v2\/media?parent=2583"}],"wp:term":[{"taxonomy":"category","embeddable":true,"href":"https:\/\/blogs.hoy.es\/senderosextremadura\/wp-json\/wp\/v2\/categories?post=2583"},{"taxonomy":"post_tag","embeddable":true,"href":"https:\/\/blogs.hoy.es\/senderosextremadura\/wp-json\/wp\/v2\/tags?post=2583"}],"curies":[{"name":"wp","href":"https:\/\/api.w.org\/{rel}","templated":true}]}}