{"id":2585,"date":"2014-03-17T17:28:59","date_gmt":"2014-03-17T17:28:59","guid":{"rendered":"http:\/\/blogs.hoy.es\/senderosextremadura\/?p=2585"},"modified":"2014-03-17T17:28:59","modified_gmt":"2014-03-17T17:28:59","slug":"marcha-azul-por-los-caminos-de-oz","status":"publish","type":"post","link":"https:\/\/blogs.hoy.es\/senderosextremadura\/2014\/03\/17\/marcha-azul-por-los-caminos-de-oz\/","title":{"rendered":"Marcha azul por los caminos de Oz."},"content":{"rendered":"<div><a href=\"https:\/\/blogs.hoy.es\/senderosextremadura\/\"><img loading=\"lazy\" class=\"aligncenter size-large wp-image-2587\" title=\"\" src=\"\/senderosextremadura\/wp-content\/uploads\/sites\/22\/2014\/03\/oz5.jpg\" alt=\"\" width=\"600\" height=\"300\" srcset=\"https:\/\/static-blogs.hoy.es\/wp-content\/uploads\/sites\/22\/2014\/03\/oz5.jpg 800w, https:\/\/static-blogs.hoy.es\/wp-content\/uploads\/sites\/22\/2014\/03\/oz5-300x150.jpg 300w, https:\/\/static-blogs.hoy.es\/wp-content\/uploads\/sites\/22\/2014\/03\/oz5-768x384.jpg 768w, https:\/\/static-blogs.hoy.es\/wp-content\/uploads\/sites\/22\/2014\/03\/oz5-600x300.jpg 600w\" sizes=\"(max-width: 600px) 100vw, 600px\" \/><\/a>El pasado 15 de marzo <a href=\"http:\/\/clubsenderistaolivenza.es\/\" target=\"_blank\" rel=\"external nofollow\"><strong>Prisi\u00f1as Club Senderista<\/strong><\/a> organiz\u00f3 una ruta dedicada a los m\u00e1s peque\u00f1os, la Ruta de OZ. M\u00e1s de seiscientas personas, entre mayores y ni\u00f1os participaron en la misma de forma gratuita. El \u00fanico requisito era traer una camiseta azul.<\/div>\n<div>La salida fue desde el Paseo grande a las 16:00. Tras la aparici\u00f3n Dorothy, el hada y la bruja, los ni\u00f1os siguieron a la protagonista durante todo el camino, encontrando al espantap\u00e1jaros, el le\u00f3n cobarde y el hombre de hojalata. El recorrido fue de 8 kil\u00f3metros y por el camino los participantes disfrutaron de una merienda, mientras viv\u00edan la historia junto a los personajes.<\/div>\n<div>A la llegada de nuevo al Paseo, una marea de peque\u00f1os y mayores se encontraron con el Mago de Oz, que les ofreci\u00f3 a los protagonistas lo que buscaban. Tras la representaci\u00f3n, y gracias a la Asociaci\u00f3n Cuenta Conmigo con Pilar Aranda se organiz\u00f3 una animaci\u00f3n de baile muy divertida. Adem\u00e1s hubo chucher\u00edas y tartas gratis gracias a todos los colaboradores que las donaron para los ni\u00f1os.<\/div>\n<div><a href=\"https:\/\/blogs.hoy.es\/senderosextremadura\/\"><img loading=\"lazy\" class=\"aligncenter size-large wp-image-2588\" title=\"\" src=\"\/senderosextremadura\/wp-content\/uploads\/sites\/22\/2014\/03\/hada.jpg\" alt=\"\" width=\"600\" height=\"400\" srcset=\"https:\/\/static-blogs.hoy.es\/wp-content\/uploads\/sites\/22\/2014\/03\/hada.jpg 960w, https:\/\/static-blogs.hoy.es\/wp-content\/uploads\/sites\/22\/2014\/03\/hada-300x200.jpg 300w, https:\/\/static-blogs.hoy.es\/wp-content\/uploads\/sites\/22\/2014\/03\/hada-768x512.jpg 768w, https:\/\/static-blogs.hoy.es\/wp-content\/uploads\/sites\/22\/2014\/03\/hada-600x400.jpg 600w\" sizes=\"(max-width: 600px) 100vw, 600px\" \/><\/a><\/div>\n<div>La ilusi\u00f3n estuvo presente en todo momento en las caras de quienes la vivieron. Porque los aut\u00e9nticos protagonistas eran esta vez los peque\u00f1os, que la disfrutaron como si fuese un cuento. Adem\u00e1s de comenzar a hacer deporte junto a sus familias de una forma divertida.<\/div>\n<div><\/div>\n<div>Prisi\u00f1as quiere agradecer a todos los que han hecho posible esta ruta. A los actores, con la colaboraci\u00f3n de Oliexc\u00e9nicas, al Ayuntamiento de Olivenza, Protecci\u00f3n Civil, Caja Rural, Asociaci\u00f3n Cuenta Conmigo de Pilar Aranda y a todos aquellos que participaron en la ruta.<\/div>\n<div>M\u00e1s informaci\u00f3n en su web <a href=\"http:\/\/www.clubsenderistaolivenza.es\" target=\"_blank\" rel=\"external nofollow\">www.clubsenderistaolivenza.es<\/a><\/div>\n<!-- AddThis Advanced Settings generic via filter on the_content --><!-- AddThis Share Buttons generic via filter on the_content -->","protected":false},"excerpt":{"rendered":"<p>El pasado 15 de marzo Prisi\u00f1as Club Senderista organiz\u00f3 una ruta dedicada a los m\u00e1s peque\u00f1os, la Ruta de OZ. M\u00e1s de seiscientas personas, entre mayores y ni\u00f1os participaron en la misma de forma gratuita. El \u00fanico requisito era traer una camiseta azul. La salida fue desde el Paseo grande a las 16:00. Tras la [&hellip;]<!-- AddThis Advanced Settings generic via filter on get_the_excerpt --><!-- AddThis Share Buttons generic via filter on get_the_excerpt --><\/p>\n","protected":false},"author":27,"featured_media":0,"comment_status":"open","ping_status":"closed","sticky":false,"template":"","format":"standard","meta":[],"categories":[4],"tags":[752,792,817,917,926,944,1035],"_links":{"self":[{"href":"https:\/\/blogs.hoy.es\/senderosextremadura\/wp-json\/wp\/v2\/posts\/2585"}],"collection":[{"href":"https:\/\/blogs.hoy.es\/senderosextremadura\/wp-json\/wp\/v2\/posts"}],"about":[{"href":"https:\/\/blogs.hoy.es\/senderosextremadura\/wp-json\/wp\/v2\/types\/post"}],"author":[{"embeddable":true,"href":"https:\/\/blogs.hoy.es\/senderosextremadura\/wp-json\/wp\/v2\/users\/27"}],"replies":[{"embeddable":true,"href":"https:\/\/blogs.hoy.es\/senderosextremadura\/wp-json\/wp\/v2\/comments?post=2585"}],"version-history":[{"count":0,"href":"https:\/\/blogs.hoy.es\/senderosextremadura\/wp-json\/wp\/v2\/posts\/2585\/revisions"}],"wp:attachment":[{"href":"https:\/\/blogs.hoy.es\/senderosextremadura\/wp-json\/wp\/v2\/media?parent=2585"}],"wp:term":[{"taxonomy":"category","embeddable":true,"href":"https:\/\/blogs.hoy.es\/senderosextremadura\/wp-json\/wp\/v2\/categories?post=2585"},{"taxonomy":"post_tag","embeddable":true,"href":"https:\/\/blogs.hoy.es\/senderosextremadura\/wp-json\/wp\/v2\/tags?post=2585"}],"curies":[{"name":"wp","href":"https:\/\/api.w.org\/{rel}","templated":true}]}}