{"id":2589,"date":"2014-03-17T18:17:14","date_gmt":"2014-03-17T18:17:14","guid":{"rendered":"http:\/\/blogs.hoy.es\/senderosextremadura\/?p=2589"},"modified":"2014-03-17T18:17:14","modified_gmt":"2014-03-17T18:17:14","slug":"charla-y-proyeccion-a-cargo-del-escalador-ramon-portilla-en-plasencia","status":"publish","type":"post","link":"https:\/\/blogs.hoy.es\/senderosextremadura\/2014\/03\/17\/charla-y-proyeccion-a-cargo-del-escalador-ramon-portilla-en-plasencia\/","title":{"rendered":"Charla y proyecci\u00f3n a cargo del escalador Ramon Portilla en Plasencia"},"content":{"rendered":"<p>Tras el \u00e9xito de la proyecci\u00f3n del pasado jueves, el <strong>Grupo Placentino de Monta\u00f1a<\/strong> ha organizado una nueva actividad que correr\u00e1 a cargo de <strong>Ram\u00f3n Portilla<\/strong>, uno de los mejores escaladores que durante mucho tiempo ha sido c\u00e1mara de Al Filo de lo Imposible, es el primer espa\u00f1ol en coronar las 7 cumbres y otras muchas. La charla tendr\u00e1 lugar este jueves a las 21:00 en el centro cultural Las Claras de Plasencia.<\/p>\n<!-- AddThis Advanced Settings generic via filter on the_content --><!-- AddThis Share Buttons generic via filter on the_content -->","protected":false},"excerpt":{"rendered":"<p>Tras el \u00e9xito de la proyecci\u00f3n del pasado jueves, el Grupo Placentino de Monta\u00f1a ha organizado una nueva actividad que correr\u00e1 a cargo de Ram\u00f3n Portilla, uno de los mejores escaladores que durante mucho tiempo ha sido c\u00e1mara de Al Filo de lo Imposible, es el primer espa\u00f1ol en coronar las 7 cumbres y otras [&hellip;]<!-- AddThis Advanced Settings generic via filter on get_the_excerpt --><!-- AddThis Share Buttons generic via filter on get_the_excerpt --><\/p>\n","protected":false},"author":27,"featured_media":0,"comment_status":"open","ping_status":"closed","sticky":false,"template":"","format":"standard","meta":[],"categories":[3],"tags":[],"_links":{"self":[{"href":"https:\/\/blogs.hoy.es\/senderosextremadura\/wp-json\/wp\/v2\/posts\/2589"}],"collection":[{"href":"https:\/\/blogs.hoy.es\/senderosextremadura\/wp-json\/wp\/v2\/posts"}],"about":[{"href":"https:\/\/blogs.hoy.es\/senderosextremadura\/wp-json\/wp\/v2\/types\/post"}],"author":[{"embeddable":true,"href":"https:\/\/blogs.hoy.es\/senderosextremadura\/wp-json\/wp\/v2\/users\/27"}],"replies":[{"embeddable":true,"href":"https:\/\/blogs.hoy.es\/senderosextremadura\/wp-json\/wp\/v2\/comments?post=2589"}],"version-history":[{"count":0,"href":"https:\/\/blogs.hoy.es\/senderosextremadura\/wp-json\/wp\/v2\/posts\/2589\/revisions"}],"wp:attachment":[{"href":"https:\/\/blogs.hoy.es\/senderosextremadura\/wp-json\/wp\/v2\/media?parent=2589"}],"wp:term":[{"taxonomy":"category","embeddable":true,"href":"https:\/\/blogs.hoy.es\/senderosextremadura\/wp-json\/wp\/v2\/categories?post=2589"},{"taxonomy":"post_tag","embeddable":true,"href":"https:\/\/blogs.hoy.es\/senderosextremadura\/wp-json\/wp\/v2\/tags?post=2589"}],"curies":[{"name":"wp","href":"https:\/\/api.w.org\/{rel}","templated":true}]}}