{"id":2612,"date":"2014-03-20T22:56:04","date_gmt":"2014-03-20T22:56:04","guid":{"rendered":"http:\/\/blogs.hoy.es\/senderosextremadura\/?p=2612"},"modified":"2014-03-20T22:56:04","modified_gmt":"2014-03-20T22:56:04","slug":"caminando-hasta-el-castillo-de-los-arcos-en-almendral-23-de-marzo","status":"publish","type":"post","link":"https:\/\/blogs.hoy.es\/senderosextremadura\/2014\/03\/20\/caminando-hasta-el-castillo-de-los-arcos-en-almendral-23-de-marzo\/","title":{"rendered":"Caminando hasta el Castillo de los Arcos, en Almendral (23 de marzo)"},"content":{"rendered":"<div id=\"attachment_2614\" style=\"width: 510px\" class=\"wp-caption aligncenter\"><a href=\"https:\/\/blogs.hoy.es\/senderosextremadura\/\"><img aria-describedby=\"caption-attachment-2614\" loading=\"lazy\" class=\"size-full wp-image-2614\" title=\"\" src=\"\/senderosextremadura\/wp-content\/uploads\/sites\/22\/2014\/03\/castillo.jpg\" alt=\"\" width=\"500\" height=\"375\" srcset=\"https:\/\/static-blogs.hoy.es\/wp-content\/uploads\/sites\/22\/2014\/03\/castillo.jpg 500w, https:\/\/static-blogs.hoy.es\/wp-content\/uploads\/sites\/22\/2014\/03\/castillo-300x225.jpg 300w\" sizes=\"(max-width: 500px) 100vw, 500px\" \/><\/a><p id=\"caption-attachment-2614\" class=\"wp-caption-text\">Senderistas:: CLUB DEL CAMINANTE<\/p><\/div>\n<p>El <a href=\"http:\/\/www.clubcaminantebadajoz.com\/\" rel=\"external nofollow\"><strong>Club del Caminante de Badajoz<\/strong><\/a> ha organizado para este domingo 23 de marzo la <strong>Ruta del Castillo de los Arcos<\/strong>, en Almendral (Badajoz). Se trata de una marcha de dificultad media-baja y un recorrido de <strong>17 kil\u00f3metros.<!--more--><\/strong><\/p>\n<p>Se cree que el pueblo de Almendral tuvo su asentimiento primitivo en el lugar de San Mat\u00edas, situado a unos kil\u00f3metros del actual, en el que se localizaba una vieja ermita de esta advocaci\u00f3n. El \u00e1rea resulta rica en restos arqueol\u00f3gicos y en ella han aparecido numerosas piezas visigodas, que con las que se integran en en la ermita de Finibus T\u00e9rrea, patentizan la existencia de la localidad en esa \u00e9poca. El castillo se encuentra en sus cercan\u00edas, a seis kil\u00f3metros de la carretera de Olivenza.<\/p>\n<p>Data de los siglos XV y XVI . En el siglo XV lo don\u00f3 al Duque de Feria. Fue reformado despu\u00e9s de participar en las luchas de Los Comuneros. Se trata de una fortaleza se\u00f1orial tard\u00eda, como demuestran sus elementos decorativos , situada en la llanura y de forma rectangular.<\/p>\n<p>M\u00e1s informaci\u00f3n, en la <a href=\"http:\/\/www.clubcaminantebadajoz.com\/\" rel=\"external nofollow\"><strong>web del club.<\/strong><\/a><\/p>\n<p><a href=\"https:\/\/blogs.hoy.es\/senderosextremadura\/2014\/03\/20\/caminando-hasta-el-castillo-de-los-arcos-en-almendral-23-de-marzo\/club\/\" rel=\"attachment wp-att-2613\"><img loading=\"lazy\" class=\"aligncenter size-large wp-image-2613\" title=\"\" src=\"\/senderosextremadura\/wp-content\/uploads\/sites\/22\/2014\/03\/club.jpg\" alt=\"\" width=\"600\" height=\"450\" srcset=\"https:\/\/static-blogs.hoy.es\/wp-content\/uploads\/sites\/22\/2014\/03\/club.jpg 1440w, https:\/\/static-blogs.hoy.es\/wp-content\/uploads\/sites\/22\/2014\/03\/club-300x225.jpg 300w, https:\/\/static-blogs.hoy.es\/wp-content\/uploads\/sites\/22\/2014\/03\/club-768x576.jpg 768w, https:\/\/static-blogs.hoy.es\/wp-content\/uploads\/sites\/22\/2014\/03\/club-600x450.jpg 600w\" sizes=\"(max-width: 600px) 100vw, 600px\" \/><\/a><\/p>\n<p>&nbsp;<\/p>\n<p>&nbsp;<\/p>\n<!-- AddThis Advanced Settings generic via filter on the_content --><!-- AddThis Share Buttons generic via filter on the_content -->","protected":false},"excerpt":{"rendered":"<p>El Club del Caminante de Badajoz ha organizado para este domingo 23 de marzo la Ruta del Castillo de los Arcos, en Almendral (Badajoz). Se trata de una marcha de dificultad media-baja y un recorrido de 17 kil\u00f3metros.<!-- AddThis Advanced Settings generic via filter on get_the_excerpt --><!-- AddThis Share Buttons generic via filter on get_the_excerpt --><\/p>\n","protected":false},"author":27,"featured_media":0,"comment_status":"open","ping_status":"closed","sticky":false,"template":"","format":"standard","meta":[],"categories":[4],"tags":[],"_links":{"self":[{"href":"https:\/\/blogs.hoy.es\/senderosextremadura\/wp-json\/wp\/v2\/posts\/2612"}],"collection":[{"href":"https:\/\/blogs.hoy.es\/senderosextremadura\/wp-json\/wp\/v2\/posts"}],"about":[{"href":"https:\/\/blogs.hoy.es\/senderosextremadura\/wp-json\/wp\/v2\/types\/post"}],"author":[{"embeddable":true,"href":"https:\/\/blogs.hoy.es\/senderosextremadura\/wp-json\/wp\/v2\/users\/27"}],"replies":[{"embeddable":true,"href":"https:\/\/blogs.hoy.es\/senderosextremadura\/wp-json\/wp\/v2\/comments?post=2612"}],"version-history":[{"count":0,"href":"https:\/\/blogs.hoy.es\/senderosextremadura\/wp-json\/wp\/v2\/posts\/2612\/revisions"}],"wp:attachment":[{"href":"https:\/\/blogs.hoy.es\/senderosextremadura\/wp-json\/wp\/v2\/media?parent=2612"}],"wp:term":[{"taxonomy":"category","embeddable":true,"href":"https:\/\/blogs.hoy.es\/senderosextremadura\/wp-json\/wp\/v2\/categories?post=2612"},{"taxonomy":"post_tag","embeddable":true,"href":"https:\/\/blogs.hoy.es\/senderosextremadura\/wp-json\/wp\/v2\/tags?post=2612"}],"curies":[{"name":"wp","href":"https:\/\/api.w.org\/{rel}","templated":true}]}}