{"id":2619,"date":"2014-03-24T17:48:48","date_gmt":"2014-03-24T17:48:48","guid":{"rendered":"http:\/\/blogs.hoy.es\/senderosextremadura\/?p=2619"},"modified":"2014-03-24T17:48:48","modified_gmt":"2014-03-24T17:48:48","slug":"vi-ruta-del-jamon-y-la-dehesa-6-de-abril","status":"publish","type":"post","link":"https:\/\/blogs.hoy.es\/senderosextremadura\/2014\/03\/24\/vi-ruta-del-jamon-y-la-dehesa-6-de-abril\/","title":{"rendered":"VI Ruta del Jam\u00f3n y la Dehesa (6 de abril)"},"content":{"rendered":"<div id=\"attachment_2620\" style=\"width: 226px\" class=\"wp-caption alignleft\"><a href=\"https:\/\/blogs.hoy.es\/senderosextremadura\/\"><img aria-describedby=\"caption-attachment-2620\" loading=\"lazy\" class=\" wp-image-2620\" title=\"\" src=\"\/senderosextremadura\/wp-content\/uploads\/sites\/22\/2014\/03\/ruta_n.jpg\" alt=\"\" width=\"216\" height=\"309\" srcset=\"https:\/\/static-blogs.hoy.es\/wp-content\/uploads\/sites\/22\/2014\/03\/ruta_n.jpg 250w, https:\/\/static-blogs.hoy.es\/wp-content\/uploads\/sites\/22\/2014\/03\/ruta_n-209x300.jpg 209w\" sizes=\"(max-width: 216px) 100vw, 216px\" \/><\/a><p id=\"caption-attachment-2620\" class=\"wp-caption-text\">Cartel de la ruta<\/p><\/div>\n<p>El domingo 6 de abril se celebra en Fregenal de la Sierra la <strong>VI Ruta del Jam\u00f3n y la Dehesa<\/strong>. Se trata de una marcha circular de 21,7 kil\u00f3metros, con alternativa de 16. La actividad est\u00e1 organizada por el grupo senderista La Zancaja de Fregenal y la inscripci\u00f3n tiene un coste de tres euros. En la organizaci\u00f3n colaboran el Ayuntamiento de la localidad pacense y la Diputaci\u00f3n de Badajoz.<\/p>\n<!-- AddThis Advanced Settings generic via filter on the_content --><!-- AddThis Share Buttons generic via filter on the_content -->","protected":false},"excerpt":{"rendered":"<p>El domingo 6 de abril se celebra en Fregenal de la Sierra la VI Ruta del Jam\u00f3n y la Dehesa. Se trata de una marcha circular de 21,7 kil\u00f3metros, con alternativa de 16. La actividad est\u00e1 organizada por el grupo senderista La Zancaja de Fregenal y la inscripci\u00f3n tiene un coste de tres euros. En [&hellip;]<!-- AddThis Advanced Settings generic via filter on get_the_excerpt --><!-- AddThis Share Buttons generic via filter on get_the_excerpt --><\/p>\n","protected":false},"author":27,"featured_media":0,"comment_status":"open","ping_status":"closed","sticky":false,"template":"","format":"standard","meta":[],"categories":[4],"tags":[],"_links":{"self":[{"href":"https:\/\/blogs.hoy.es\/senderosextremadura\/wp-json\/wp\/v2\/posts\/2619"}],"collection":[{"href":"https:\/\/blogs.hoy.es\/senderosextremadura\/wp-json\/wp\/v2\/posts"}],"about":[{"href":"https:\/\/blogs.hoy.es\/senderosextremadura\/wp-json\/wp\/v2\/types\/post"}],"author":[{"embeddable":true,"href":"https:\/\/blogs.hoy.es\/senderosextremadura\/wp-json\/wp\/v2\/users\/27"}],"replies":[{"embeddable":true,"href":"https:\/\/blogs.hoy.es\/senderosextremadura\/wp-json\/wp\/v2\/comments?post=2619"}],"version-history":[{"count":0,"href":"https:\/\/blogs.hoy.es\/senderosextremadura\/wp-json\/wp\/v2\/posts\/2619\/revisions"}],"wp:attachment":[{"href":"https:\/\/blogs.hoy.es\/senderosextremadura\/wp-json\/wp\/v2\/media?parent=2619"}],"wp:term":[{"taxonomy":"category","embeddable":true,"href":"https:\/\/blogs.hoy.es\/senderosextremadura\/wp-json\/wp\/v2\/categories?post=2619"},{"taxonomy":"post_tag","embeddable":true,"href":"https:\/\/blogs.hoy.es\/senderosextremadura\/wp-json\/wp\/v2\/tags?post=2619"}],"curies":[{"name":"wp","href":"https:\/\/api.w.org\/{rel}","templated":true}]}}