{"id":2628,"date":"2014-03-25T21:58:38","date_gmt":"2014-03-25T21:58:38","guid":{"rendered":"http:\/\/blogs.hoy.es\/senderosextremadura\/?p=2628"},"modified":"2014-03-25T21:58:38","modified_gmt":"2014-03-25T21:58:38","slug":"ruta-entre-cerezos-florecidos-y-gargantas-del-jerte-29-de-marzo","status":"publish","type":"post","link":"https:\/\/blogs.hoy.es\/senderosextremadura\/2014\/03\/25\/ruta-entre-cerezos-florecidos-y-gargantas-del-jerte-29-de-marzo\/","title":{"rendered":"Ruta entre cerezos florecidos y gargantas del Jerte (29 de marzo)"},"content":{"rendered":"<p><a href=\"https:\/\/blogs.hoy.es\/senderosextremadura\/\"><img loading=\"lazy\" class=\"aligncenter size-full wp-image-2629\" title=\"\" src=\"\/senderosextremadura\/wp-content\/uploads\/sites\/22\/2014\/03\/valle-del-jerte-ruta-de-la-puria-cerezo-en-flor.jpg\" alt=\"\" width=\"600\" height=\"424\" srcset=\"https:\/\/static-blogs.hoy.es\/wp-content\/uploads\/sites\/22\/2014\/03\/valle-del-jerte-ruta-de-la-puria-cerezo-en-flor.jpg 600w, https:\/\/static-blogs.hoy.es\/wp-content\/uploads\/sites\/22\/2014\/03\/valle-del-jerte-ruta-de-la-puria-cerezo-en-flor-300x212.jpg 300w\" sizes=\"(max-width: 600px) 100vw, 600px\" \/><\/a><\/p>\n<p>Por fin podemos disfrutar del mayor espect\u00e1culo natural de la primavera extreme\u00f1a. Ha llegado con fuerza la <a href=\"http:\/\/www.hoy.es\/multimedia\/fotos\/plasencia\/20140325\/valle-jerte-comienza-tenirse-3074015818978-mm.html\" rel=\"external nofollow\"><strong>floraci\u00f3n del cerezo en el Valle del Jerte<\/strong><\/a> (FOTOS).\u00a0 Para disfrutar de los paisajes cacere\u00f1os te\u00f1idos de blanco,\u00a0 este\u00a0 pr\u00f3ximo 29 de marzo puedes participar en la\u00a0 <strong>ruta circular por la Garganta de la Puria<\/strong>. La marcha arrancar\u00e1 a las <strong>diez de la ma\u00f1ana en la Plaza Mayor de El Torno<\/strong>. El recorrido es de 6,5 kil\u00f3metros y el tiempo de duracion estimado de 3,5 horas. La dificultad es media-baja. La inscripci\u00f3n tiene un coste de\u00a0 3 euros.<\/p>\n<p><!--more--><\/p>\n<p>La marcha est\u00e1 organizada por la Mancomunidad de Municipios del Valle del Jerte con la colaboraci\u00f3n del club senderista de El Torno.<\/p>\n<p>&nbsp;<\/p>\n<p>Reportaje:: <a href=\"http:\/\/www.hoy.es\/v\/20140326\/regional\/valle-jerte-empieza-florecer-20140326.html\" rel=\"external nofollow\">El Valle del Jerte empieza a florecer<\/a> (GALER\u00cdA Y FOTOS)<\/p>\n<p><a href=\"https:\/\/blogs.hoy.es\/senderosextremadura\/\"><img loading=\"lazy\" class=\"aligncenter size-full wp-image-2635\" title=\"\" src=\"\/senderosextremadura\/wp-content\/uploads\/sites\/22\/2014\/03\/cerezo_n1.jpg\" alt=\"\" width=\"350\" height=\"512\" srcset=\"https:\/\/static-blogs.hoy.es\/wp-content\/uploads\/sites\/22\/2014\/03\/cerezo_n1.jpg 350w, https:\/\/static-blogs.hoy.es\/wp-content\/uploads\/sites\/22\/2014\/03\/cerezo_n1-205x300.jpg 205w\" sizes=\"(max-width: 350px) 100vw, 350px\" \/><\/a><\/p>\n<p>M\u00e1s informaci\u00f3n, en el <a href=\"web http:\/\/primaveraycerezoenflor.blogspot.com.es\/p\/primavera-2014.html\"><strong>siguiente enlace.<\/strong><\/a><\/p>\n<p>&nbsp;<\/p>\n<p>&nbsp;<\/p>\n<!-- AddThis Advanced Settings generic via filter on the_content --><!-- AddThis Share Buttons generic via filter on the_content -->","protected":false},"excerpt":{"rendered":"<p>Por fin podemos disfrutar del mayor espect\u00e1culo natural de la primavera extreme\u00f1a. Ha llegado con fuerza la floraci\u00f3n del cerezo en el Valle del Jerte (FOTOS).\u00a0 Para disfrutar de los paisajes cacere\u00f1os te\u00f1idos de blanco,\u00a0 este\u00a0 pr\u00f3ximo 29 de marzo puedes participar en la\u00a0 ruta circular por la Garganta de la Puria. La marcha arrancar\u00e1 [&hellip;]<!-- AddThis Advanced Settings generic via filter on get_the_excerpt --><!-- AddThis Share Buttons generic via filter on get_the_excerpt --><\/p>\n","protected":false},"author":27,"featured_media":0,"comment_status":"open","ping_status":"closed","sticky":false,"template":"","format":"standard","meta":[],"categories":[4],"tags":[],"_links":{"self":[{"href":"https:\/\/blogs.hoy.es\/senderosextremadura\/wp-json\/wp\/v2\/posts\/2628"}],"collection":[{"href":"https:\/\/blogs.hoy.es\/senderosextremadura\/wp-json\/wp\/v2\/posts"}],"about":[{"href":"https:\/\/blogs.hoy.es\/senderosextremadura\/wp-json\/wp\/v2\/types\/post"}],"author":[{"embeddable":true,"href":"https:\/\/blogs.hoy.es\/senderosextremadura\/wp-json\/wp\/v2\/users\/27"}],"replies":[{"embeddable":true,"href":"https:\/\/blogs.hoy.es\/senderosextremadura\/wp-json\/wp\/v2\/comments?post=2628"}],"version-history":[{"count":0,"href":"https:\/\/blogs.hoy.es\/senderosextremadura\/wp-json\/wp\/v2\/posts\/2628\/revisions"}],"wp:attachment":[{"href":"https:\/\/blogs.hoy.es\/senderosextremadura\/wp-json\/wp\/v2\/media?parent=2628"}],"wp:term":[{"taxonomy":"category","embeddable":true,"href":"https:\/\/blogs.hoy.es\/senderosextremadura\/wp-json\/wp\/v2\/categories?post=2628"},{"taxonomy":"post_tag","embeddable":true,"href":"https:\/\/blogs.hoy.es\/senderosextremadura\/wp-json\/wp\/v2\/tags?post=2628"}],"curies":[{"name":"wp","href":"https:\/\/api.w.org\/{rel}","templated":true}]}}