{"id":2631,"date":"2014-03-26T11:29:21","date_gmt":"2014-03-26T11:29:21","guid":{"rendered":"http:\/\/blogs.hoy.es\/senderosextremadura\/?p=2631"},"modified":"2014-03-26T11:29:21","modified_gmt":"2014-03-26T11:29:21","slug":"la-xvi-transfrontera-reunira-a-500-senderistas-en-valencia-de-alcantara-6-de-abril","status":"publish","type":"post","link":"https:\/\/blogs.hoy.es\/senderosextremadura\/2014\/03\/26\/la-xvi-transfrontera-reunira-a-500-senderistas-en-valencia-de-alcantara-6-de-abril\/","title":{"rendered":"La XVI Transfrontera reunir\u00e1 a 500 senderistas en Valencia de Alc\u00e1ntara (6 de abril)"},"content":{"rendered":"<p><a href=\"https:\/\/blogs.hoy.es\/senderosextremadura\/2014\/03\/26\/la-xvi-transfrontera-reunira-a-500-senderistas-en-valencia-de-alcantara-6-de-abril\/transfrontera4\/\" rel=\"attachment wp-att-2633\"><img loading=\"lazy\" class=\"aligncenter  wp-image-2633\" title=\"\" src=\"\/senderosextremadura\/wp-content\/uploads\/sites\/22\/2014\/03\/transfrontera4.jpg\" alt=\"\" width=\"572\" height=\"326\" srcset=\"https:\/\/static-blogs.hoy.es\/wp-content\/uploads\/sites\/22\/2014\/03\/transfrontera4.jpg 700w, https:\/\/static-blogs.hoy.es\/wp-content\/uploads\/sites\/22\/2014\/03\/transfrontera4-300x171.jpg 300w, https:\/\/static-blogs.hoy.es\/wp-content\/uploads\/sites\/22\/2014\/03\/transfrontera4-600x343.jpg 600w\" sizes=\"(max-width: 572px) 100vw, 572px\" \/><\/a><\/p>\n<p>La <strong>XVI Ruta Transfrontera<\/strong> de la localidad cacere\u00f1a de <strong>Valencia de Alc\u00e1ntara<\/strong> contar\u00e1 con la presencia de unos 500 participantes que no faltar\u00e1n a una cita que, como cada a\u00f1o, tiene una distancia de 25 kil\u00f3metros con un recorrido en el que destaca un entorno marcado por su paisaje y vegatic\u00f3n.<!--more--><\/p>\n<p>La ruta tendr\u00e1 lugar el <strong>pr\u00f3ximo 6 de abril<\/strong>, domingo, a partir de las 9,00 y se alargar\u00e1 hasta las 18,00 horas. Durante la marcha, la vegetaci\u00f3n ir\u00e1 cambiando con zonas de pinos, casta\u00f1os o alcornoques, con una geolog\u00eda en la que destaca un enorme batolito gran\u00edtico que se va extendiendo durante kil\u00f3metros con diversas formaciones singulares y una gran cantidad de d\u00f3lmenes.<\/p>\n<p>Los detalles de este evento han sido dados a conocer este mi\u00e9rcoles en rueda de prensa por el diputado provincial de Deportes, Alvaro Arias, quien ha estado acompa\u00f1ado por el alcalde y el concejal de Festejos de Valencia de Alc\u00e1ntara, Pablo Carrilho y Juan Francisco Calder\u00f3n, respectivamente.<\/p>\n<p>As\u00ed, a las 09,00 horas dar\u00e1 comienzo una ruta que parte de las inmediaciones del albergue de S.M de Guadalupe y transcurrir\u00e1 por un sendero con subida hasta la Sierra de Agua Fr\u00eda, donde a trav\u00e9s de sus pistas es flanqueada para acabar bajando a la poblaci\u00f3n de Pino, tras salir de sus valles por Las Carrizas.<\/p>\n<p>Tras esto, la marcha continuar\u00e1 alternando viejos tramos y pistas forestales con todo tipo de vegetaci\u00f3n aut\u00f3ctona y de repoblaci\u00f3n hasta llegar al cortijo de La Paja en el l\u00edmite sur de la ruta y, desde esta zona, se bajar\u00e1 hasta la peque\u00f1a pedan\u00eda de Jola.<\/p>\n<p>Despu\u00e9s de atravesar esta pedan\u00eda se llegar\u00e1 al collado del Jiniebro y La Ace\u00f1a, famosa por sus molinos, as\u00ed como del batolito gran\u00edtico que se destapa tras ellos hasta llegar a los d\u00f3lmenes de Los Mellizos pasando por el manantial de La Pisa de la Vaca, siguiendo el arroyo y en direcci\u00f3n hacia la encrucijada de Puerto Roque hasta terminar en lugar de inicio, es decir, en el albergue.<\/p>\n<p>Inscripciones<\/p>\n<p>Aquellas personas que quieran participar en esta ruta que es gratuita deben formalizar su inscripci\u00f3n en la oficina de turismo hasta el mismo d\u00eda de la prueba, ubicada en la calle Hern\u00e1n Cort\u00e9s de Valencia de Alc\u00e1ntara, o a trav\u00e9s del correo electr\u00f3nico turismo@valenciadealcantara.es<\/p>\n<p>En cuanto al material, es necesario llevar calzado c\u00f3modo, preferiblemente botas de monta\u00f1a, y ropa deportiva, as\u00ed como una mochila con comida y una cantimplora aunque habr\u00e1 avituallamientos a lo largo del recorrido.<\/p>\n<p>Cabe rese\u00f1ar que en el recorrido se revelan aut\u00e9nticas zonas de inter\u00e9s por su pasado como elementos &#8220;claves&#8221; del contrabando como La Duda, El Cortijo de la Paja o El Pino, nombres que se han difundido a trav\u00e9s de los libros y art\u00edculos realizados sobre este asunto en <a name=\"IDAA1YZD\"><\/a>Extremadura , seg\u00fan ha explicado el alcalde de Valencia de Alc\u00e1ntara.<\/p>\n<p>En esta l\u00ednea, Carrilho ha a\u00f1adido que el &#8220;atractivo&#8221; tur\u00edstico de la zona ha servido para conquistar a los participantes, muchos de ellos fieles a la ruta en las 15 ediciones anteriores desde su inauguraci\u00f3n en 1999, al tiempo que ha resaltado que a lo largo de estos a\u00f1os se ha mantenido una asistencia media de 600 a 800 participantes.<\/p>\n<p>Por otro lado, el alcalde tambi\u00e9n ha dicho que para mejorar las condiciones de accesibilidad y los caminos y sendas existentes, el Ayuntamiento de Valencia de Alc\u00e1ntara ha realizado un &#8220;tremendo esfuerzo&#8221; por consolidar esta ruta eliminando del trayecto zonas de dif\u00edcil acceso, arreglando caminos y cambiando zonas privadas por nuevas de uso p\u00fablico.<\/p>\n<p>Por su parte, el diputado provincial, Alvaro Arias, ha reconocido que esta ruta es &#8220;de las m\u00e1s importantes&#8221; que hay en <a name=\"IDAI1YZD\"><\/a>Extremadura y que, adem\u00e1s, da conocer de una manera &#8220;muy sana&#8221; todo el entorno &#8220;espectacular&#8221; de la comarca, a la vez que ha agradecido el esfuerzo que ha realizado su alcalde para &#8220;impulsar&#8221; tur\u00edsticamente toda la zona.<\/p>\n<p>Puedes encontrar m\u00e1s\u00a0 informaci\u00f3n de la ruta en la <a href=\"http:\/\/www.fexme.com\/portal\/Noticias\/tabid\/58\/articleType\/ArticleView\/articleId\/600\/4-Prueba-XVI-Transfrontera-PRCC-88-Valencia-de-Alcantara-06abr.aspx\" rel=\"external nofollow\"><strong>web de la Fexme.<\/strong><\/a><\/p>\n<p>Europa Press<\/p>\n<!-- AddThis Advanced Settings generic via filter on the_content --><!-- AddThis Share Buttons generic via filter on the_content -->","protected":false},"excerpt":{"rendered":"<p>La XVI Ruta Transfrontera de la localidad cacere\u00f1a de Valencia de Alc\u00e1ntara contar\u00e1 con la presencia de unos 500 participantes que no faltar\u00e1n a una cita que, como cada a\u00f1o, tiene una distancia de 25 kil\u00f3metros con un recorrido en el que destaca un entorno marcado por su paisaje y vegatic\u00f3n.<!-- AddThis Advanced Settings generic via filter on get_the_excerpt --><!-- AddThis Share Buttons generic via filter on get_the_excerpt --><\/p>\n","protected":false},"author":27,"featured_media":0,"comment_status":"open","ping_status":"closed","sticky":false,"template":"","format":"standard","meta":[],"categories":[4],"tags":[387,646,672,787,836,906,944,1035,1055],"_links":{"self":[{"href":"https:\/\/blogs.hoy.es\/senderosextremadura\/wp-json\/wp\/v2\/posts\/2631"}],"collection":[{"href":"https:\/\/blogs.hoy.es\/senderosextremadura\/wp-json\/wp\/v2\/posts"}],"about":[{"href":"https:\/\/blogs.hoy.es\/senderosextremadura\/wp-json\/wp\/v2\/types\/post"}],"author":[{"embeddable":true,"href":"https:\/\/blogs.hoy.es\/senderosextremadura\/wp-json\/wp\/v2\/users\/27"}],"replies":[{"embeddable":true,"href":"https:\/\/blogs.hoy.es\/senderosextremadura\/wp-json\/wp\/v2\/comments?post=2631"}],"version-history":[{"count":0,"href":"https:\/\/blogs.hoy.es\/senderosextremadura\/wp-json\/wp\/v2\/posts\/2631\/revisions"}],"wp:attachment":[{"href":"https:\/\/blogs.hoy.es\/senderosextremadura\/wp-json\/wp\/v2\/media?parent=2631"}],"wp:term":[{"taxonomy":"category","embeddable":true,"href":"https:\/\/blogs.hoy.es\/senderosextremadura\/wp-json\/wp\/v2\/categories?post=2631"},{"taxonomy":"post_tag","embeddable":true,"href":"https:\/\/blogs.hoy.es\/senderosextremadura\/wp-json\/wp\/v2\/tags?post=2631"}],"curies":[{"name":"wp","href":"https:\/\/api.w.org\/{rel}","templated":true}]}}