{"id":2644,"date":"2014-03-27T10:03:56","date_gmt":"2014-03-27T10:03:56","guid":{"rendered":"http:\/\/blogs.hoy.es\/senderosextremadura\/?p=2644"},"modified":"2014-03-27T10:03:56","modified_gmt":"2014-03-27T10:03:56","slug":"500-senderistas-participaran-en-las-millas-romanas-4-y-5-de-abril","status":"publish","type":"post","link":"https:\/\/blogs.hoy.es\/senderosextremadura\/2014\/03\/27\/500-senderistas-participaran-en-las-millas-romanas-4-y-5-de-abril\/","title":{"rendered":"500 senderistas participar\u00e1n en las Millas Romanas (4 y 5 de abril)"},"content":{"rendered":"<div>\n<div id=\"noticia-pestanas\">\n<div id=\"ccronica\">\n<div>\n<p><a href=\"\/senderosextremadura\/wp-content\/uploads\/sites\/22\/2014\/03\/millas-romanas2.jpg\"><img loading=\"lazy\" class=\"aligncenter size-large wp-image-2645\" title=\"\" src=\"\/senderosextremadura\/wp-content\/uploads\/sites\/22\/2014\/03\/millas-romanas2.jpg\" alt=\"\" width=\"600\" height=\"397\" srcset=\"https:\/\/static-blogs.hoy.es\/wp-content\/uploads\/sites\/22\/2014\/03\/millas-romanas2.jpg 860w, https:\/\/static-blogs.hoy.es\/wp-content\/uploads\/sites\/22\/2014\/03\/millas-romanas2-300x199.jpg 300w, https:\/\/static-blogs.hoy.es\/wp-content\/uploads\/sites\/22\/2014\/03\/millas-romanas2-768x509.jpg 768w, https:\/\/static-blogs.hoy.es\/wp-content\/uploads\/sites\/22\/2014\/03\/millas-romanas2-600x398.jpg 600w\" sizes=\"(max-width: 600px) 100vw, 600px\" \/><\/a>La decimosexta edici\u00f3n de las LXVII Millas Romanas, que se celebrar\u00e1n los d\u00edas 4 y 5 de abril, acoger\u00e1 la participaci\u00f3n de 500 senderistas, cien m\u00e1s que la edici\u00f3n anterior. As\u00ed lo confirm\u00f3 ayer el delegado de Deportes, Juan Carlos Perdig\u00f3n, que junto al presidente del Club de Senderista Camino de la Plata, Javier Sanz, present\u00f3 esta prueba no competitiva que discurre por una ruta de 100 kil\u00f3metros por M\u00e9rida y alrededores y que se desarrolla en 24 horas.<\/p>\n<p><!--more--><\/p>\n<p>Existen dos itinerarios posibles. Por un lado, el de las LXVII millas propiamente dicha, de 100 kil\u00f3metros, y otra denominada mini, las XXX Millas Romanas, de 40 kil\u00f3metros. El recorrido de la prueba ser\u00e1 un poco menos monumental y m\u00e1s medioambiental, seg\u00fan destac\u00f3 Perdig\u00f3n.<\/p>\n<p>345 personas participar\u00e1n en la prueba m\u00e1s larga y 132 en la m\u00e1s corta (383 de modalidad masculina y 94 femenina). Residentes en Extremadura participan 263 senderistas. Tambi\u00e9n los hay de otras comunidades aut\u00f3nomas como Andaluc\u00eda, Madrid, Castilla y Le\u00f3n o Castilla La Mancha. Y acuden tambi\u00e9n a M\u00e9rida 14 senderistas de Portugal. Los hay adem\u00e1s de Inglaterra, Chile o Brasil. Como apunte curioso hay tres inscritos con menos de 20 a\u00f1os y dos con m\u00e1s de 70 a\u00f1os. Adem\u00e1s, 214 personas repiten la prueba.<\/p>\n<p>El premio para los ganadores es un trofeo exclusivo, el conocido como miliario, columna o poste que indicaba las millas en las antiguas calzadas romanas.<\/p>\n<p>Javier Sanz anunci\u00f3 que este a\u00f1o se le va a dar mucha importancia al r\u00edo Guadiana. Por eso la ruta va a transcurrir de M\u00e9rida a Valverde, de ah\u00ed a Villagonzalo, la Zarza, y despu\u00e9s se regresar\u00e1 a M\u00e9rida por el cauce del r\u00edo. Y en una segunda vuelta se recorrer\u00e1 Trujillanos y Mirandilla, pasando por el Lago de Proserpina.<\/p>\n<p>Para las LXVII Millas Romanas la salida ser\u00e1 el 4 de abril a las 21 horas en la Plaza de Espa\u00f1a y para la prueba mini, la salida ser\u00e1 el 5, a las 10 de la ma\u00f1ana del Polideportivo Diocles. La prueba va a coincidir este a\u00f1o con la segunda edici\u00f3n de las 24 horas Desaf\u00edo por la Salud, que tendr\u00e1n lugar en M\u00e9rida y \u00c9vora.<\/p>\n<\/div>\n<\/div>\n<\/div>\n<\/div>\n<!-- AddThis Advanced Settings generic via filter on the_content --><!-- AddThis Share Buttons generic via filter on the_content -->","protected":false},"excerpt":{"rendered":"<p>La decimosexta edici\u00f3n de las LXVII Millas Romanas, que se celebrar\u00e1n los d\u00edas 4 y 5 de abril, acoger\u00e1 la participaci\u00f3n de 500 senderistas, cien m\u00e1s que la edici\u00f3n anterior. As\u00ed lo confirm\u00f3 ayer el delegado de Deportes, Juan Carlos Perdig\u00f3n, que junto al presidente del Club de Senderista Camino de la Plata, Javier Sanz, [&hellip;]<!-- AddThis Advanced Settings generic via filter on get_the_excerpt --><!-- AddThis Share Buttons generic via filter on get_the_excerpt --><\/p>\n","protected":false},"author":3,"featured_media":0,"comment_status":"open","ping_status":"closed","sticky":false,"template":"","format":"standard","meta":[],"categories":[4],"tags":[],"_links":{"self":[{"href":"https:\/\/blogs.hoy.es\/senderosextremadura\/wp-json\/wp\/v2\/posts\/2644"}],"collection":[{"href":"https:\/\/blogs.hoy.es\/senderosextremadura\/wp-json\/wp\/v2\/posts"}],"about":[{"href":"https:\/\/blogs.hoy.es\/senderosextremadura\/wp-json\/wp\/v2\/types\/post"}],"author":[{"embeddable":true,"href":"https:\/\/blogs.hoy.es\/senderosextremadura\/wp-json\/wp\/v2\/users\/3"}],"replies":[{"embeddable":true,"href":"https:\/\/blogs.hoy.es\/senderosextremadura\/wp-json\/wp\/v2\/comments?post=2644"}],"version-history":[{"count":0,"href":"https:\/\/blogs.hoy.es\/senderosextremadura\/wp-json\/wp\/v2\/posts\/2644\/revisions"}],"wp:attachment":[{"href":"https:\/\/blogs.hoy.es\/senderosextremadura\/wp-json\/wp\/v2\/media?parent=2644"}],"wp:term":[{"taxonomy":"category","embeddable":true,"href":"https:\/\/blogs.hoy.es\/senderosextremadura\/wp-json\/wp\/v2\/categories?post=2644"},{"taxonomy":"post_tag","embeddable":true,"href":"https:\/\/blogs.hoy.es\/senderosextremadura\/wp-json\/wp\/v2\/tags?post=2644"}],"curies":[{"name":"wp","href":"https:\/\/api.w.org\/{rel}","templated":true}]}}