{"id":2648,"date":"2014-04-01T08:26:00","date_gmt":"2014-04-01T08:26:00","guid":{"rendered":"http:\/\/blogs.hoy.es\/senderosextremadura\/?p=2648"},"modified":"2014-04-01T08:26:00","modified_gmt":"2014-04-01T08:26:00","slug":"45-kilometros-de-salvaleon-a-la-ermita-de-fregenal-de-la-sierra","status":"publish","type":"post","link":"https:\/\/blogs.hoy.es\/senderosextremadura\/2014\/04\/01\/45-kilometros-de-salvaleon-a-la-ermita-de-fregenal-de-la-sierra\/","title":{"rendered":"45 kil\u00f3metros de Salvale\u00f3n a la ermita de Fregenal de la Sierra (27 de abril)"},"content":{"rendered":"<p>&nbsp;<\/p>\n<div id=\"attachment_2649\" style=\"width: 610px\" class=\"wp-caption aligncenter\"><a href=\"https:\/\/blogs.hoy.es\/senderosextremadura\/\"><img aria-describedby=\"caption-attachment-2649\" loading=\"lazy\" class=\"size-large wp-image-2649\" title=\"\" src=\"\/senderosextremadura\/wp-content\/uploads\/sites\/22\/2014\/04\/ermita-fregenal_n.jpg\" alt=\"\" width=\"600\" height=\"400\" srcset=\"https:\/\/static-blogs.hoy.es\/wp-content\/uploads\/sites\/22\/2014\/04\/ermita-fregenal_n.jpg 640w, https:\/\/static-blogs.hoy.es\/wp-content\/uploads\/sites\/22\/2014\/04\/ermita-fregenal_n-300x200.jpg 300w, https:\/\/static-blogs.hoy.es\/wp-content\/uploads\/sites\/22\/2014\/04\/ermita-fregenal_n-600x400.jpg 600w\" sizes=\"(max-width: 600px) 100vw, 600px\" \/><\/a><p id=\"caption-attachment-2649\" class=\"wp-caption-text\">Santuario de la Virgen de los Remedios en Fregenal de la Sierra<\/p><\/div>\n<p>La <a href=\"http:\/\/senderismosalvaleon.blogspot.com.es\/\" rel=\"external nofollow\"><strong>Asociaci\u00f3n de Senderismo de Salvale\u00f3n &#8216;El Encinar<\/strong><\/a>&#8216;\u00a0 ha programado para el domingo 27 de abril una peregrinaci\u00f3n al <strong>santuario de la Virgen de los Remedios<\/strong> de Fregenal de la Sierra. La salida de la marcha de 45 kil\u00f3metros tendr\u00e1 lugar a las 6:00 de la ma\u00f1ana de la Plaza de Espa\u00f1a (Salvale\u00f3n).<!--more--><\/p>\n<p>La llegada a la ermita de Fregenal est\u00e1 prevista en torno a las 18:00 horas.<\/p>\n<p>M\u00e1s informaci\u00f3n en: http:\/\/goo.gl\/nav4Xn<\/p>\n<!-- AddThis Advanced Settings generic via filter on the_content --><!-- AddThis Share Buttons generic via filter on the_content -->","protected":false},"excerpt":{"rendered":"<p>&nbsp; La Asociaci\u00f3n de Senderismo de Salvale\u00f3n &#8216;El Encinar&#8216;\u00a0 ha programado para el domingo 27 de abril una peregrinaci\u00f3n al santuario de la Virgen de los Remedios de Fregenal de la Sierra. La salida de la marcha de 45 kil\u00f3metros tendr\u00e1 lugar a las 6:00 de la ma\u00f1ana de la Plaza de Espa\u00f1a (Salvale\u00f3n).<!-- AddThis Advanced Settings generic via filter on get_the_excerpt --><!-- AddThis Share Buttons generic via filter on get_the_excerpt --><\/p>\n","protected":false},"author":27,"featured_media":0,"comment_status":"open","ping_status":"closed","sticky":false,"template":"","format":"standard","meta":[],"categories":[4],"tags":[],"_links":{"self":[{"href":"https:\/\/blogs.hoy.es\/senderosextremadura\/wp-json\/wp\/v2\/posts\/2648"}],"collection":[{"href":"https:\/\/blogs.hoy.es\/senderosextremadura\/wp-json\/wp\/v2\/posts"}],"about":[{"href":"https:\/\/blogs.hoy.es\/senderosextremadura\/wp-json\/wp\/v2\/types\/post"}],"author":[{"embeddable":true,"href":"https:\/\/blogs.hoy.es\/senderosextremadura\/wp-json\/wp\/v2\/users\/27"}],"replies":[{"embeddable":true,"href":"https:\/\/blogs.hoy.es\/senderosextremadura\/wp-json\/wp\/v2\/comments?post=2648"}],"version-history":[{"count":0,"href":"https:\/\/blogs.hoy.es\/senderosextremadura\/wp-json\/wp\/v2\/posts\/2648\/revisions"}],"wp:attachment":[{"href":"https:\/\/blogs.hoy.es\/senderosextremadura\/wp-json\/wp\/v2\/media?parent=2648"}],"wp:term":[{"taxonomy":"category","embeddable":true,"href":"https:\/\/blogs.hoy.es\/senderosextremadura\/wp-json\/wp\/v2\/categories?post=2648"},{"taxonomy":"post_tag","embeddable":true,"href":"https:\/\/blogs.hoy.es\/senderosextremadura\/wp-json\/wp\/v2\/tags?post=2648"}],"curies":[{"name":"wp","href":"https:\/\/api.w.org\/{rel}","templated":true}]}}