{"id":2660,"date":"2014-04-11T09:41:50","date_gmt":"2014-04-11T09:41:50","guid":{"rendered":"http:\/\/blogs.hoy.es\/senderosextremadura\/?p=2660"},"modified":"2014-04-11T09:41:50","modified_gmt":"2014-04-11T09:41:50","slug":"ruta-a-la-cascada-del-caozo-27-al-abril","status":"publish","type":"post","link":"https:\/\/blogs.hoy.es\/senderosextremadura\/2014\/04\/11\/ruta-a-la-cascada-del-caozo-27-al-abril\/","title":{"rendered":"Ruta a la Cascada del Caozo (27 al abril)"},"content":{"rendered":"<div id=\"attachment_2661\" style=\"width: 509px\" class=\"wp-caption aligncenter\"><a href=\"https:\/\/blogs.hoy.es\/senderosextremadura\/\"><img aria-describedby=\"caption-attachment-2661\" loading=\"lazy\" class=\" wp-image-2661\" title=\"\" src=\"\/senderosextremadura\/wp-content\/uploads\/sites\/22\/2014\/04\/valdearenalesn.jpg\" alt=\"\" width=\"499\" height=\"374\" srcset=\"https:\/\/static-blogs.hoy.es\/wp-content\/uploads\/sites\/22\/2014\/04\/valdearenalesn.jpg 960w, https:\/\/static-blogs.hoy.es\/wp-content\/uploads\/sites\/22\/2014\/04\/valdearenalesn-300x225.jpg 300w, https:\/\/static-blogs.hoy.es\/wp-content\/uploads\/sites\/22\/2014\/04\/valdearenalesn-768x576.jpg 768w, https:\/\/static-blogs.hoy.es\/wp-content\/uploads\/sites\/22\/2014\/04\/valdearenalesn-600x450.jpg 600w\" sizes=\"(max-width: 499px) 100vw, 499px\" \/><\/a><p id=\"caption-attachment-2661\" class=\"wp-caption-text\">Cascada del Caozo:: SENDERISMO VALDEARENALES<\/p><\/div>\n<p><a href=\"http:\/\/www.asociaciongeografica.com\/\" rel=\"external nofollow\"><strong>Geogr\u00e1fica<\/strong><\/a> ha organizado para el pr\u00f3ximo 27 de abril una espectacular ruta por el Valle del Jerte. La comarca espera para realizar este bell\u00edsimo recorrido de monta\u00f1a que une las localidades de Piornal y Navaconcejo. Una ruta que ofrece una de las mejores panor\u00e1micas \u2013sino la mejor- del Valle, y nos brinda la posibilidad de admirar los m\u00e1s espectaculares saltos de agua del mismo. Un cuidado itinerario que atraviesa densos bosques de robles y casta\u00f1os, ahora plet\u00f3ricos de verdor y vida.<br \/>\nLa ruta, adem\u00e1s, nos reserva el aliciente de ver la floraci\u00f3n de los cerezos de la parte m\u00e1s alta del valle (de floraci\u00f3n algo m\u00e1s tard\u00eda).<br \/>\nSalida desde Badajoz a las 08:00 horas. Salida desde C\u00e1ceres a las 09:00 horas.<\/p>\n<p>&nbsp;<\/p>\n<p>M\u00e1s informaci\u00f3n, en la <a href=\"http:\/\/www.asociaciongeografica.com\/\" rel=\"external nofollow\"><strong>web del club<\/strong><\/a>.<\/p>\n<p>&nbsp;<\/p>\n<p>&nbsp;<\/p>\n<p>&nbsp;<\/p>\n<p>&nbsp;<\/p>\n<!-- AddThis Advanced Settings generic via filter on the_content --><!-- AddThis Share Buttons generic via filter on the_content -->","protected":false},"excerpt":{"rendered":"<p>Geogr\u00e1fica ha organizado para el pr\u00f3ximo 27 de abril una espectacular ruta por el Valle del Jerte. La comarca espera para realizar este bell\u00edsimo recorrido de monta\u00f1a que une las localidades de Piornal y Navaconcejo. Una ruta que ofrece una de las mejores panor\u00e1micas \u2013sino la mejor- del Valle, y nos brinda la posibilidad de [&hellip;]<!-- AddThis Advanced Settings generic via filter on get_the_excerpt --><!-- AddThis Share Buttons generic via filter on get_the_excerpt --><\/p>\n","protected":false},"author":27,"featured_media":0,"comment_status":"open","ping_status":"closed","sticky":false,"template":"","format":"standard","meta":[],"categories":[4],"tags":[174,821,830,911,913,917,1063],"_links":{"self":[{"href":"https:\/\/blogs.hoy.es\/senderosextremadura\/wp-json\/wp\/v2\/posts\/2660"}],"collection":[{"href":"https:\/\/blogs.hoy.es\/senderosextremadura\/wp-json\/wp\/v2\/posts"}],"about":[{"href":"https:\/\/blogs.hoy.es\/senderosextremadura\/wp-json\/wp\/v2\/types\/post"}],"author":[{"embeddable":true,"href":"https:\/\/blogs.hoy.es\/senderosextremadura\/wp-json\/wp\/v2\/users\/27"}],"replies":[{"embeddable":true,"href":"https:\/\/blogs.hoy.es\/senderosextremadura\/wp-json\/wp\/v2\/comments?post=2660"}],"version-history":[{"count":0,"href":"https:\/\/blogs.hoy.es\/senderosextremadura\/wp-json\/wp\/v2\/posts\/2660\/revisions"}],"wp:attachment":[{"href":"https:\/\/blogs.hoy.es\/senderosextremadura\/wp-json\/wp\/v2\/media?parent=2660"}],"wp:term":[{"taxonomy":"category","embeddable":true,"href":"https:\/\/blogs.hoy.es\/senderosextremadura\/wp-json\/wp\/v2\/categories?post=2660"},{"taxonomy":"post_tag","embeddable":true,"href":"https:\/\/blogs.hoy.es\/senderosextremadura\/wp-json\/wp\/v2\/tags?post=2660"}],"curies":[{"name":"wp","href":"https:\/\/api.w.org\/{rel}","templated":true}]}}