{"id":2672,"date":"2014-04-22T11:33:39","date_gmt":"2014-04-22T11:33:39","guid":{"rendered":"http:\/\/blogs.hoy.es\/senderosextremadura\/?p=2672"},"modified":"2014-04-22T11:33:39","modified_gmt":"2014-04-22T11:33:39","slug":"carrera-caminata-a-favor-de-down-zafra-1-de-mayo","status":"publish","type":"post","link":"https:\/\/blogs.hoy.es\/senderosextremadura\/2014\/04\/22\/carrera-caminata-a-favor-de-down-zafra-1-de-mayo\/","title":{"rendered":"Carrera-caminata a favor de Down Zafra (1 de mayo)"},"content":{"rendered":"<p>El pr\u00f3ximo 1 de mayo se celebra en Zafra la segunda carrera-caminata solidaria a beneficio de la asociaci\u00f3n Down. La marcha arrancar\u00e1\u00a0 a las once horas del Parque de la Paz, donde tambi\u00e9n estar\u00e1 instalada la l\u00ednea de meta. En la primera edici\u00f3n se entregaron 600 dorsales. Esta vez esperan superar esta cifra. Ya est\u00e1 abierto el plazo de inscripci\u00f3n.<\/p>\n<p>&nbsp;<\/p>\n<p><a href=\"http:\/\/asociaciondownzafra.blogspot.com.es\/2014\/04\/2-carrera-solidaria-de-down-zafra.html\" rel=\"external nofollow\"><strong>Consulta todos los datos de la caminata solidaria.<\/strong> <\/a><\/p>\n<!-- AddThis Advanced Settings generic via filter on the_content --><!-- AddThis Share Buttons generic via filter on the_content -->","protected":false},"excerpt":{"rendered":"<p>El pr\u00f3ximo 1 de mayo se celebra en Zafra la segunda carrera-caminata solidaria a beneficio de la asociaci\u00f3n Down. La marcha arrancar\u00e1\u00a0 a las once horas del Parque de la Paz, donde tambi\u00e9n estar\u00e1 instalada la l\u00ednea de meta. En la primera edici\u00f3n se entregaron 600 dorsales. Esta vez esperan superar esta cifra. Ya est\u00e1 [&hellip;]<!-- AddThis Advanced Settings generic via filter on get_the_excerpt --><!-- AddThis Share Buttons generic via filter on get_the_excerpt --><\/p>\n","protected":false},"author":27,"featured_media":0,"comment_status":"open","ping_status":"closed","sticky":false,"template":"","format":"standard","meta":[],"categories":[4],"tags":[],"_links":{"self":[{"href":"https:\/\/blogs.hoy.es\/senderosextremadura\/wp-json\/wp\/v2\/posts\/2672"}],"collection":[{"href":"https:\/\/blogs.hoy.es\/senderosextremadura\/wp-json\/wp\/v2\/posts"}],"about":[{"href":"https:\/\/blogs.hoy.es\/senderosextremadura\/wp-json\/wp\/v2\/types\/post"}],"author":[{"embeddable":true,"href":"https:\/\/blogs.hoy.es\/senderosextremadura\/wp-json\/wp\/v2\/users\/27"}],"replies":[{"embeddable":true,"href":"https:\/\/blogs.hoy.es\/senderosextremadura\/wp-json\/wp\/v2\/comments?post=2672"}],"version-history":[{"count":0,"href":"https:\/\/blogs.hoy.es\/senderosextremadura\/wp-json\/wp\/v2\/posts\/2672\/revisions"}],"wp:attachment":[{"href":"https:\/\/blogs.hoy.es\/senderosextremadura\/wp-json\/wp\/v2\/media?parent=2672"}],"wp:term":[{"taxonomy":"category","embeddable":true,"href":"https:\/\/blogs.hoy.es\/senderosextremadura\/wp-json\/wp\/v2\/categories?post=2672"},{"taxonomy":"post_tag","embeddable":true,"href":"https:\/\/blogs.hoy.es\/senderosextremadura\/wp-json\/wp\/v2\/tags?post=2672"}],"curies":[{"name":"wp","href":"https:\/\/api.w.org\/{rel}","templated":true}]}}