{"id":2674,"date":"2014-04-24T11:33:49","date_gmt":"2014-04-24T11:33:49","guid":{"rendered":"http:\/\/blogs.hoy.es\/senderosextremadura\/?p=2674"},"modified":"2014-04-24T11:33:49","modified_gmt":"2014-04-24T11:33:49","slug":"llerena-vuelve-a-celebrar-su-ruta-del-rey-jayon-27-de-abril","status":"publish","type":"post","link":"https:\/\/blogs.hoy.es\/senderosextremadura\/2014\/04\/24\/llerena-vuelve-a-celebrar-su-ruta-del-rey-jayon-27-de-abril\/","title":{"rendered":"Ruta del Rey Jay\u00f3n por la Campi\u00f1a Sur (27 de abril)"},"content":{"rendered":"<p><a href=\"https:\/\/blogs.hoy.es\/senderosextremadura\/\"><img loading=\"lazy\" class=\"alignleft  wp-image-2675\" title=\"\" src=\"\/senderosextremadura\/wp-content\/uploads\/sites\/22\/2014\/04\/137.jpg\" alt=\"\" width=\"338\" height=\"225\" srcset=\"https:\/\/static-blogs.hoy.es\/wp-content\/uploads\/sites\/22\/2014\/04\/137.jpg 600w, https:\/\/static-blogs.hoy.es\/wp-content\/uploads\/sites\/22\/2014\/04\/137-300x200.jpg 300w\" sizes=\"(max-width: 338px) 100vw, 338px\" \/><\/a>Desde que se abri\u00f3 el plazo de inscripci\u00f3n de la XIV Traves\u00eda de la Campi\u00f1a Sur, ruta del Rey Jay\u00f3n, que se celebrar\u00e1 el d\u00eda 27 de abril, hay 960 senderistas apuntados, m\u00e1s las asociaciones inscritas.<\/p>\n<p><!--more--><\/p>\n<p>La salida se har\u00e1 desde la Plaza de Espa\u00f1a de Llerena entre las 7.30 y las 8.45 horas, donde los senderistas deber\u00e1n recoger una identificaci\u00f3n con un n\u00famero de control que deber\u00e1 llevar durante todo el recorrido. As\u00ed, los caminantes recorrer\u00e1n desde la Mina de la Jayona hasta la ermita de la Virgen del Ara, discurrir\u00e1n por el paraje de la Alcornocosa hasta llegar a Reina, la ciudad romana de Regina, Casas de Reina y el collado del Puerto de Salinas, en el t\u00e9rmino municipal de Trasierra.<\/p>\n<p>La organizaci\u00f3n dispondr\u00e1 de tres puntos de avituallamiento a lo largo de los 24 kil\u00f3metros que tiene el recorrido. Los interesados en participar en la ruta todav\u00eda pueden inscribirse en el email oficinaturismo@llerena.org o bien en la Oficina de Turismo Llerena.<\/p>\n<p>ANTONIO MART\u00cdN S\u00c1NCHEZ<\/p>\n<p>&nbsp;<\/p>\n<!-- AddThis Advanced Settings generic via filter on the_content --><!-- AddThis Share Buttons generic via filter on the_content -->","protected":false},"excerpt":{"rendered":"<p>Desde que se abri\u00f3 el plazo de inscripci\u00f3n de la XIV Traves\u00eda de la Campi\u00f1a Sur, ruta del Rey Jay\u00f3n, que se celebrar\u00e1 el d\u00eda 27 de abril, hay 960 senderistas apuntados, m\u00e1s las asociaciones inscritas.<!-- AddThis Advanced Settings generic via filter on get_the_excerpt --><!-- AddThis Share Buttons generic via filter on get_the_excerpt --><\/p>\n","protected":false},"author":27,"featured_media":0,"comment_status":"open","ping_status":"closed","sticky":false,"template":"","format":"standard","meta":[],"categories":[4],"tags":[301,453,748,817,836,906,944,1035],"_links":{"self":[{"href":"https:\/\/blogs.hoy.es\/senderosextremadura\/wp-json\/wp\/v2\/posts\/2674"}],"collection":[{"href":"https:\/\/blogs.hoy.es\/senderosextremadura\/wp-json\/wp\/v2\/posts"}],"about":[{"href":"https:\/\/blogs.hoy.es\/senderosextremadura\/wp-json\/wp\/v2\/types\/post"}],"author":[{"embeddable":true,"href":"https:\/\/blogs.hoy.es\/senderosextremadura\/wp-json\/wp\/v2\/users\/27"}],"replies":[{"embeddable":true,"href":"https:\/\/blogs.hoy.es\/senderosextremadura\/wp-json\/wp\/v2\/comments?post=2674"}],"version-history":[{"count":0,"href":"https:\/\/blogs.hoy.es\/senderosextremadura\/wp-json\/wp\/v2\/posts\/2674\/revisions"}],"wp:attachment":[{"href":"https:\/\/blogs.hoy.es\/senderosextremadura\/wp-json\/wp\/v2\/media?parent=2674"}],"wp:term":[{"taxonomy":"category","embeddable":true,"href":"https:\/\/blogs.hoy.es\/senderosextremadura\/wp-json\/wp\/v2\/categories?post=2674"},{"taxonomy":"post_tag","embeddable":true,"href":"https:\/\/blogs.hoy.es\/senderosextremadura\/wp-json\/wp\/v2\/tags?post=2674"}],"curies":[{"name":"wp","href":"https:\/\/api.w.org\/{rel}","templated":true}]}}