{"id":2677,"date":"2014-04-25T10:43:32","date_gmt":"2014-04-25T10:43:32","guid":{"rendered":"http:\/\/blogs.hoy.es\/senderosextremadura\/?p=2677"},"modified":"2014-04-25T10:43:32","modified_gmt":"2014-04-25T10:43:32","slug":"v-ruta-del-contrabando-transfronteriza-en-zarza-la-mayor-18-de-mayo","status":"publish","type":"post","link":"https:\/\/blogs.hoy.es\/senderosextremadura\/2014\/04\/25\/v-ruta-del-contrabando-transfronteriza-en-zarza-la-mayor-18-de-mayo\/","title":{"rendered":"V Ruta del contrabando transfronteriza en Zarza la Mayor (18 de mayo)"},"content":{"rendered":"<p><a href=\"https:\/\/blogs.hoy.es\/senderosextremadura\/\"><img loading=\"lazy\" class=\"wp-image-2679 aligncenter\" title=\"\" src=\"\/senderosextremadura\/wp-content\/uploads\/sites\/22\/2014\/04\/DSCN6250_1.jpg\" alt=\"\" width=\"397\" height=\"297\" srcset=\"https:\/\/static-blogs.hoy.es\/wp-content\/uploads\/sites\/22\/2014\/04\/DSCN6250_1.jpg 1200w, https:\/\/static-blogs.hoy.es\/wp-content\/uploads\/sites\/22\/2014\/04\/DSCN6250_1-300x225.jpg 300w, https:\/\/static-blogs.hoy.es\/wp-content\/uploads\/sites\/22\/2014\/04\/DSCN6250_1-768x576.jpg 768w, https:\/\/static-blogs.hoy.es\/wp-content\/uploads\/sites\/22\/2014\/04\/DSCN6250_1-600x450.jpg 600w\" sizes=\"(max-width: 397px) 100vw, 397px\" \/><\/a>La <strong>V Ruta del Contrabando Transfronteriza<\/strong> se celebrar\u00e1 en Zarza la Mayor el d\u00eda 18 de mayo con salida de la Plaza Mayor a las 09.00 horas. Se trata de una ruta lineal con un recorrido de ida y vuelta de unos 16 kil\u00f3metros en total, que une la localidad espa\u00f1ola de Zarza la Mayor y la portuguesa de Salvaterra do Extremo, y recorrer\u00e1 los lugares donde los contrabandistas realizaban sus labores, principalmente con el tabaco y el caf\u00e9.<\/p>\n<p><!--more--><br \/>\nCabe destacar que esta ruta, que rememora el contrabando en la Raya entre Extremadura y Portugal, est\u00e1 incluida en el circuito extreme\u00f1o de rutas senderistas \u201cCamina Extremadura\u201d y est\u00e1 organizada por el Programa de Dinamizaci\u00f3n Deportiva de la Mancomunidad Rivera de Fresnedosa y el Ayuntamiento de Zarza con la colaboraci\u00f3n de &#8220;Alimentos de Extremadura&#8221;.<br \/>\nLa cuota de participaci\u00f3n\u00a0 es de 4 euros por persona que incluye camiseta, avituallamiento, seguros y pincho final.<br \/>\nAquellas personas que est\u00e9n interesadas en participar, deben rellenar el formulario que podr\u00e1n encontrar en la web zarzalamayor.com\u00a0 \u00f3 dxtfresnedosa.blogspot.com.es y realizar el correspondiente ingreso en la cuenta de la Zarza la Mayor\u00a0 n\u00ba 2048 1215 14 3400000060\u00a0 haciendo constar el nombre y la palabra &#8220;transfronteriza&#8221;. El plazo de inscripci\u00f3n permanecer\u00e1 abierto hasta el 16 de mayo a las 14.00 horas o hasta que se alcance el m\u00e1ximo de participantes que ser\u00e1 de 250 personas.<\/p>\n<p>M\u00e1s informaci\u00f3n en la <a href=\"http:\/\/www.zarzalamayor.com \" rel=\"external nofollow\"><strong>p\u00e1gina web<\/strong><\/a>\u00a0 y dxtfresnedosa.blogspot.com.es.<\/p>\n<p>Para ampliar informaci\u00f3n pueden ponerse en contacto con Roberto Arribas 627899634<\/p>\n<!-- AddThis Advanced Settings generic via filter on the_content --><!-- AddThis Share Buttons generic via filter on the_content -->","protected":false},"excerpt":{"rendered":"<p>La V Ruta del Contrabando Transfronteriza se celebrar\u00e1 en Zarza la Mayor el d\u00eda 18 de mayo con salida de la Plaza Mayor a las 09.00 horas. Se trata de una ruta lineal con un recorrido de ida y vuelta de unos 16 kil\u00f3metros en total, que une la localidad espa\u00f1ola de Zarza la Mayor [&hellip;]<!-- AddThis Advanced Settings generic via filter on get_the_excerpt --><!-- AddThis Share Buttons generic via filter on get_the_excerpt --><\/p>\n","protected":false},"author":27,"featured_media":0,"comment_status":"open","ping_status":"closed","sticky":false,"template":"","format":"standard","meta":[],"categories":[3],"tags":[],"_links":{"self":[{"href":"https:\/\/blogs.hoy.es\/senderosextremadura\/wp-json\/wp\/v2\/posts\/2677"}],"collection":[{"href":"https:\/\/blogs.hoy.es\/senderosextremadura\/wp-json\/wp\/v2\/posts"}],"about":[{"href":"https:\/\/blogs.hoy.es\/senderosextremadura\/wp-json\/wp\/v2\/types\/post"}],"author":[{"embeddable":true,"href":"https:\/\/blogs.hoy.es\/senderosextremadura\/wp-json\/wp\/v2\/users\/27"}],"replies":[{"embeddable":true,"href":"https:\/\/blogs.hoy.es\/senderosextremadura\/wp-json\/wp\/v2\/comments?post=2677"}],"version-history":[{"count":0,"href":"https:\/\/blogs.hoy.es\/senderosextremadura\/wp-json\/wp\/v2\/posts\/2677\/revisions"}],"wp:attachment":[{"href":"https:\/\/blogs.hoy.es\/senderosextremadura\/wp-json\/wp\/v2\/media?parent=2677"}],"wp:term":[{"taxonomy":"category","embeddable":true,"href":"https:\/\/blogs.hoy.es\/senderosextremadura\/wp-json\/wp\/v2\/categories?post=2677"},{"taxonomy":"post_tag","embeddable":true,"href":"https:\/\/blogs.hoy.es\/senderosextremadura\/wp-json\/wp\/v2\/tags?post=2677"}],"curies":[{"name":"wp","href":"https:\/\/api.w.org\/{rel}","templated":true}]}}