{"id":2684,"date":"2014-04-30T16:00:48","date_gmt":"2014-04-30T16:00:48","guid":{"rendered":"http:\/\/blogs.hoy.es\/senderosextremadura\/?p=2684"},"modified":"2014-04-30T16:00:48","modified_gmt":"2014-04-30T16:00:48","slug":"caminata-hasta-la-casa-de-campo-de-chamizo-1-de-mayo","status":"publish","type":"post","link":"https:\/\/blogs.hoy.es\/senderosextremadura\/2014\/04\/30\/caminata-hasta-la-casa-de-campo-de-chamizo-1-de-mayo\/","title":{"rendered":"Caminata hasta la casa de campo de Chamizo (1 de Mayo)"},"content":{"rendered":"<div id=\"attachment_2686\" style=\"width: 496px\" class=\"wp-caption aligncenter\"><a href=\"https:\/\/blogs.hoy.es\/senderosextremadura\/\"><img aria-describedby=\"caption-attachment-2686\" loading=\"lazy\" class=\" wp-image-2686\" title=\"\" src=\"\/senderosextremadura\/wp-content\/uploads\/sites\/22\/2014\/04\/guarena.jpg\" alt=\"\" width=\"486\" height=\"324\" srcset=\"https:\/\/static-blogs.hoy.es\/wp-content\/uploads\/sites\/22\/2014\/04\/guarena.jpg 810w, https:\/\/static-blogs.hoy.es\/wp-content\/uploads\/sites\/22\/2014\/04\/guarena-300x200.jpg 300w, https:\/\/static-blogs.hoy.es\/wp-content\/uploads\/sites\/22\/2014\/04\/guarena-768x512.jpg 768w, https:\/\/static-blogs.hoy.es\/wp-content\/uploads\/sites\/22\/2014\/04\/guarena-600x400.jpg 600w\" sizes=\"(max-width: 486px) 100vw, 486px\" \/><\/a><p id=\"caption-attachment-2686\" class=\"wp-caption-text\">Cartel de la ruta.<\/p><\/div>\n<p>Guare\u00f1a acoge de nuevo la <strong>Ruta de Luis Chamizo<\/strong>. Ser\u00e1 este jueves\u00a0 1 de Mayo y se trata de una convivencia organizada la Asociaci\u00f3n Cultural de Luis Chamizo. En la marcha se dar\u00e1n cita varios colectivos deportivos tanto de la localidad pacense como como de otras localidades. Los participantes se dar\u00e1n cita a las 9 de la ma\u00f1ana en la Ermita de San Isidro para que cada colectivo haga su recorrido hasta la casa de campo del poeta extreme\u00f1o, en el Cerro El Portillo. <!--more--><\/p>\n<p>All\u00ed recibir\u00e1n el avituallamiento y escuchar\u00e1n\u00a0 un pasaje de la obra de Luis Chamizo. Despu\u00e9s volver\u00e1n al punto de partida donde recibir\u00e1n un obsequio con una gacpacha y tortilla de patatas con su refresco, todo ello por cortes\u00eda de la organizaci\u00f3n.<\/p>\n<p>M\u00e1s informaci\u00f3n en <a href=\"http:\/\/www.hoyguarena.es\/actualidad\/2014-04-30\/varias-disciplinas-deportivas-unen-ruta-0132.html\" rel=\"external nofollow\"><strong>HOY Guare\u00f1a<\/strong><\/a>.<\/p>\n<!-- AddThis Advanced Settings generic via filter on the_content --><!-- AddThis Share Buttons generic via filter on the_content -->","protected":false},"excerpt":{"rendered":"<p>Guare\u00f1a acoge de nuevo la Ruta de Luis Chamizo. Ser\u00e1 este jueves\u00a0 1 de Mayo y se trata de una convivencia organizada la Asociaci\u00f3n Cultural de Luis Chamizo. En la marcha se dar\u00e1n cita varios colectivos deportivos tanto de la localidad pacense como como de otras localidades. Los participantes se dar\u00e1n cita a las 9 [&hellip;]<!-- AddThis Advanced Settings generic via filter on get_the_excerpt --><!-- AddThis Share Buttons generic via filter on get_the_excerpt --><\/p>\n","protected":false},"author":27,"featured_media":0,"comment_status":"open","ping_status":"closed","sticky":false,"template":"","format":"standard","meta":[],"categories":[4],"tags":[372,739,910,917],"_links":{"self":[{"href":"https:\/\/blogs.hoy.es\/senderosextremadura\/wp-json\/wp\/v2\/posts\/2684"}],"collection":[{"href":"https:\/\/blogs.hoy.es\/senderosextremadura\/wp-json\/wp\/v2\/posts"}],"about":[{"href":"https:\/\/blogs.hoy.es\/senderosextremadura\/wp-json\/wp\/v2\/types\/post"}],"author":[{"embeddable":true,"href":"https:\/\/blogs.hoy.es\/senderosextremadura\/wp-json\/wp\/v2\/users\/27"}],"replies":[{"embeddable":true,"href":"https:\/\/blogs.hoy.es\/senderosextremadura\/wp-json\/wp\/v2\/comments?post=2684"}],"version-history":[{"count":0,"href":"https:\/\/blogs.hoy.es\/senderosextremadura\/wp-json\/wp\/v2\/posts\/2684\/revisions"}],"wp:attachment":[{"href":"https:\/\/blogs.hoy.es\/senderosextremadura\/wp-json\/wp\/v2\/media?parent=2684"}],"wp:term":[{"taxonomy":"category","embeddable":true,"href":"https:\/\/blogs.hoy.es\/senderosextremadura\/wp-json\/wp\/v2\/categories?post=2684"},{"taxonomy":"post_tag","embeddable":true,"href":"https:\/\/blogs.hoy.es\/senderosextremadura\/wp-json\/wp\/v2\/tags?post=2684"}],"curies":[{"name":"wp","href":"https:\/\/api.w.org\/{rel}","templated":true}]}}