{"id":2690,"date":"2014-05-02T18:26:01","date_gmt":"2014-05-02T18:26:01","guid":{"rendered":"http:\/\/blogs.hoy.es\/senderosextremadura\/?p=2690"},"modified":"2014-05-02T18:26:01","modified_gmt":"2014-05-02T18:26:01","slug":"caminando-hasta-el-mirador-de-la-morera-4-de-mayo","status":"publish","type":"post","link":"https:\/\/blogs.hoy.es\/senderosextremadura\/2014\/05\/02\/caminando-hasta-el-mirador-de-la-morera-4-de-mayo\/","title":{"rendered":"Caminando hasta el mirador de La Morera (4 de mayo)"},"content":{"rendered":"<div id=\"attachment_2691\" style=\"width: 610px\" class=\"wp-caption aligncenter\"><a href=\"https:\/\/blogs.hoy.es\/senderosextremadura\/\"><img aria-describedby=\"caption-attachment-2691\" loading=\"lazy\" class=\"size-large wp-image-2691\" title=\"\" src=\"\/senderosextremadura\/wp-content\/uploads\/sites\/22\/2014\/05\/morera_n.jpg\" alt=\"\" width=\"600\" height=\"448\" srcset=\"https:\/\/static-blogs.hoy.es\/wp-content\/uploads\/sites\/22\/2014\/05\/morera_n.jpg 960w, https:\/\/static-blogs.hoy.es\/wp-content\/uploads\/sites\/22\/2014\/05\/morera_n-300x224.jpg 300w, https:\/\/static-blogs.hoy.es\/wp-content\/uploads\/sites\/22\/2014\/05\/morera_n-768x574.jpg 768w, https:\/\/static-blogs.hoy.es\/wp-content\/uploads\/sites\/22\/2014\/05\/morera_n-600x448.jpg 600w\" sizes=\"(max-width: 600px) 100vw, 600px\" \/><\/a><p id=\"caption-attachment-2691\" class=\"wp-caption-text\">Mirador de La Morera.<\/p><\/div>\n<p>La localidad pacense de <strong>La Morera<\/strong>\u00a0 acoge este pr\u00f3ximo domingo 4 de mayo una ruta por las monta\u00f1as que rodean el pueblo. En la cima se encuentra un mirador desde el que se divisan todos los pueblos de alrededor, con vistas al pantano de Nogales y los castillos de la zona.<\/p>\n<p><!--more--><\/p>\n<p>La caminata arrancar\u00e1 en la plaza del pueblo a las 9 de la ma\u00f1ana.\u00a0 Los participantes en la marcha bajar\u00e1n por la dehesa extreme\u00f1a hasta llegar a las antiguas buhardas, que se mantienen intactas. Para finalizar habr\u00e1 una garbanzada con gazpacho en la plaza del pueblo. La marcha est\u00e1 organizada por el grupo local de senderistas &#8216;Pateando una mijina&#8217;. Colabora el Ayuntamiento de La Morera.<\/p>\n<p>Si quieres participar solo tienes que inscribirte media hora antes de la ruta.<\/p>\n<!-- AddThis Advanced Settings generic via filter on the_content --><!-- AddThis Share Buttons generic via filter on the_content -->","protected":false},"excerpt":{"rendered":"<p>La localidad pacense de La Morera\u00a0 acoge este pr\u00f3ximo domingo 4 de mayo una ruta por las monta\u00f1as que rodean el pueblo. En la cima se encuentra un mirador desde el que se divisan todos los pueblos de alrededor, con vistas al pantano de Nogales y los castillos de la zona.<!-- AddThis Advanced Settings generic via filter on get_the_excerpt --><!-- AddThis Share Buttons generic via filter on get_the_excerpt --><\/p>\n","protected":false},"author":27,"featured_media":0,"comment_status":"open","ping_status":"closed","sticky":false,"template":"","format":"standard","meta":[],"categories":[4],"tags":[],"_links":{"self":[{"href":"https:\/\/blogs.hoy.es\/senderosextremadura\/wp-json\/wp\/v2\/posts\/2690"}],"collection":[{"href":"https:\/\/blogs.hoy.es\/senderosextremadura\/wp-json\/wp\/v2\/posts"}],"about":[{"href":"https:\/\/blogs.hoy.es\/senderosextremadura\/wp-json\/wp\/v2\/types\/post"}],"author":[{"embeddable":true,"href":"https:\/\/blogs.hoy.es\/senderosextremadura\/wp-json\/wp\/v2\/users\/27"}],"replies":[{"embeddable":true,"href":"https:\/\/blogs.hoy.es\/senderosextremadura\/wp-json\/wp\/v2\/comments?post=2690"}],"version-history":[{"count":0,"href":"https:\/\/blogs.hoy.es\/senderosextremadura\/wp-json\/wp\/v2\/posts\/2690\/revisions"}],"wp:attachment":[{"href":"https:\/\/blogs.hoy.es\/senderosextremadura\/wp-json\/wp\/v2\/media?parent=2690"}],"wp:term":[{"taxonomy":"category","embeddable":true,"href":"https:\/\/blogs.hoy.es\/senderosextremadura\/wp-json\/wp\/v2\/categories?post=2690"},{"taxonomy":"post_tag","embeddable":true,"href":"https:\/\/blogs.hoy.es\/senderosextremadura\/wp-json\/wp\/v2\/tags?post=2690"}],"curies":[{"name":"wp","href":"https:\/\/api.w.org\/{rel}","templated":true}]}}