{"id":2696,"date":"2014-05-03T10:27:31","date_gmt":"2014-05-03T10:27:31","guid":{"rendered":"http:\/\/blogs.hoy.es\/senderosextremadura\/?p=2696"},"modified":"2014-05-03T10:27:31","modified_gmt":"2014-05-03T10:27:31","slug":"marcha-senderista-contra-el-cancer-en-calamonte-4-de-mayo","status":"publish","type":"post","link":"https:\/\/blogs.hoy.es\/senderosextremadura\/2014\/05\/03\/marcha-senderista-contra-el-cancer-en-calamonte-4-de-mayo\/","title":{"rendered":"Marcha senderista contra el c\u00e1ncer en Calamonte (4 de mayo)"},"content":{"rendered":"<div>\n<p><a href=\"https:\/\/blogs.hoy.es\/senderosextremadura\/2014\/05\/03\/marcha-senderista-contra-el-cancer-en-calamonte-4-de-mayo\/calamonte\/\" rel=\"attachment wp-att-2698\"><img loading=\"lazy\" class=\"alignleft  wp-image-2698\" title=\"\" src=\"\/senderosextremadura\/wp-content\/uploads\/sites\/22\/2014\/05\/calamonte.jpg\" alt=\"\" width=\"346\" height=\"482\" srcset=\"https:\/\/static-blogs.hoy.es\/wp-content\/uploads\/sites\/22\/2014\/05\/calamonte.jpg 474w, https:\/\/static-blogs.hoy.es\/wp-content\/uploads\/sites\/22\/2014\/05\/calamonte-215x300.jpg 215w\" sizes=\"(max-width: 346px) 100vw, 346px\" \/><\/a>La delegaci\u00f3n local de la Asociaci\u00f3n Oncol\u00f3gica de Extremadura (AOEX) ha organizado para este domingo una ruta senderista por los alrededores de Calamonte. Todo lo recaudado se destinar\u00e1 a la lucha contra el c\u00e1ncer que desarrolla la citada delegaci\u00f3n local.<\/p>\n<p><!--more--><\/p>\n<\/div>\n<div>\n<p>Este domingo, la AOEX realizar\u00e1 una marcha senderista por los alrededores de Calamonte. La salida ser\u00e1 a las 9 de la ma\u00f1ana de la Avenida Espronceda (en concreto, del Pub P\u00edkate, adonde tambi\u00e9n se llegar\u00e1 tras la finalizaci\u00f3n de la ruta.<\/p>\n<p>La cuota de inscripci\u00f3n ser\u00e1 una aportaci\u00f3n totalmente voluntaria que se realizar\u00e1 en el momento de la inscripci\u00f3n (entre las 8 y las 9 de la ma\u00f1ana del citado domingo) en el Hogar del Pensionista. La Organizaci\u00f3n recuerda que los menores de edad deben ir acompa\u00f1ados de un adulto.<\/p>\n<p>Las inscripciones pueden hacerse bien a trav\u00e9s del correo electr\u00f3nico <a href=\"mailto:aoexcalamonte@hotmail.con\">aoexcalamonte@hotmail.con<\/a> o bien a trav\u00e9s del Whats&#8217;app del 615 10 00 42. La AOEX recuerda que quien quiera colaborar puede hacerlo, participe o no en la ruta.<\/p>\n<p>Fuente: <a href=\"www.hoycalamonte.es\"><strong>HOY Calamonte<\/strong><\/a><\/p>\n<\/div>\n<!-- AddThis Advanced Settings generic via filter on the_content --><!-- AddThis Share Buttons generic via filter on the_content -->","protected":false},"excerpt":{"rendered":"<p>La delegaci\u00f3n local de la Asociaci\u00f3n Oncol\u00f3gica de Extremadura (AOEX) ha organizado para este domingo una ruta senderista por los alrededores de Calamonte. Todo lo recaudado se destinar\u00e1 a la lucha contra el c\u00e1ncer que desarrolla la citada delegaci\u00f3n local.<!-- AddThis Advanced Settings generic via filter on get_the_excerpt --><!-- AddThis Share Buttons generic via filter on get_the_excerpt --><\/p>\n","protected":false},"author":27,"featured_media":0,"comment_status":"open","ping_status":"closed","sticky":false,"template":"","format":"standard","meta":[],"categories":[4],"tags":[53,125,784,817,906,1035],"_links":{"self":[{"href":"https:\/\/blogs.hoy.es\/senderosextremadura\/wp-json\/wp\/v2\/posts\/2696"}],"collection":[{"href":"https:\/\/blogs.hoy.es\/senderosextremadura\/wp-json\/wp\/v2\/posts"}],"about":[{"href":"https:\/\/blogs.hoy.es\/senderosextremadura\/wp-json\/wp\/v2\/types\/post"}],"author":[{"embeddable":true,"href":"https:\/\/blogs.hoy.es\/senderosextremadura\/wp-json\/wp\/v2\/users\/27"}],"replies":[{"embeddable":true,"href":"https:\/\/blogs.hoy.es\/senderosextremadura\/wp-json\/wp\/v2\/comments?post=2696"}],"version-history":[{"count":0,"href":"https:\/\/blogs.hoy.es\/senderosextremadura\/wp-json\/wp\/v2\/posts\/2696\/revisions"}],"wp:attachment":[{"href":"https:\/\/blogs.hoy.es\/senderosextremadura\/wp-json\/wp\/v2\/media?parent=2696"}],"wp:term":[{"taxonomy":"category","embeddable":true,"href":"https:\/\/blogs.hoy.es\/senderosextremadura\/wp-json\/wp\/v2\/categories?post=2696"},{"taxonomy":"post_tag","embeddable":true,"href":"https:\/\/blogs.hoy.es\/senderosextremadura\/wp-json\/wp\/v2\/tags?post=2696"}],"curies":[{"name":"wp","href":"https:\/\/api.w.org\/{rel}","templated":true}]}}