{"id":2706,"date":"2014-05-13T09:22:21","date_gmt":"2014-05-13T09:22:21","guid":{"rendered":"http:\/\/blogs.hoy.es\/senderosextremadura\/?p=2706"},"modified":"2014-05-13T09:22:21","modified_gmt":"2014-05-13T09:22:21","slug":"camino-natural-de-las-villuercas-de-canamero-a-guadalupe-25-de-mayo","status":"publish","type":"post","link":"https:\/\/blogs.hoy.es\/senderosextremadura\/2014\/05\/13\/camino-natural-de-las-villuercas-de-canamero-a-guadalupe-25-de-mayo\/","title":{"rendered":"Camino natural de Las Villuercas: de Ca\u00f1amero a Guadalupe (25 de mayo)"},"content":{"rendered":"<p style=\"text-align: center;\"><a href=\"https:\/\/blogs.hoy.es\/senderosextremadura\/\"><img loading=\"lazy\" class=\"size-large wp-image-2708 aligncenter\" src=\"\/senderosextremadura\/wp-content\/uploads\/sites\/22\/2014\/05\/villuercas.png\" alt=\"\" width=\"600\" height=\"138\" srcset=\"https:\/\/static-blogs.hoy.es\/wp-content\/uploads\/sites\/22\/2014\/05\/villuercas.png 745w, https:\/\/static-blogs.hoy.es\/wp-content\/uploads\/sites\/22\/2014\/05\/villuercas-300x69.png 300w, https:\/\/static-blogs.hoy.es\/wp-content\/uploads\/sites\/22\/2014\/05\/villuercas-600x139.png 600w\" sizes=\"(max-width: 600px) 100vw, 600px\" \/><\/a><\/p>\n<p>&nbsp;<\/p>\n<p>&nbsp;<\/p>\n<p>El <a href=\"http:\/\/www.senderismoemeritaaugusta.com\/\" target=\"_blank\" rel=\"external nofollow\"><strong>Club de Senderismo Em\u00e9rita Augusta<\/strong><\/a> ha programado para el pr\u00f3ximo domingo 25 de mayo una ruta por una de las comarcas m\u00e1s especiales de Extremadura. Un recorrido de 19 kil\u00f3metros por el <strong>&#8216;Camino natural de Las Villuercas: de Ca\u00f1amero a Guadalupe<\/strong>&#8216;.<\/p>\n<p><strong>Esta ruta se\u00f1alizada GR 116<\/strong> destaca por adentrarse en una zona de gran riqueza paisaj\u00edstica, geol\u00f3gica, ecol\u00f3gica e hist\u00f3rico-cultural como es el <strong>Geoparque Villuercas-Ibores-Jara<\/strong>.\u00a0 El recorrido completo supone una cantidad de esfuerzo importante (por sus kil\u00f3metros, desniveles y pendientes). A su favor tiene el estar dise\u00f1ado y puede realizarse por tramos o etapas, por lo que el abanico de posibilidades se abre de esta manera al p\u00fablico en general. De gran importancia es la Puebla y Villa de Guadalupe, con su Real Monasterio de Santa Mar\u00eda de Guadalupe, declarado patrimonio de la humanidad por la UNESCO desde 1993, y que podremos visitar tras realizar el Ramal de Guadalaupe.<\/p>\n<p>La salida en autob\u00fas tendr\u00e1 lugar a las siete de la ma\u00f1ana desde el Estadio Romano de M\u00e9rida.<\/p>\n<p>&nbsp;<\/p>\n<p>Toda la informaci\u00f3n, en la <a href=\"http:\/\/www.senderismoemeritaaugusta.com\/clubsenderismoemerita\/informacion%20rutas\/IV%20GR-116.html\" target=\"_blank\" rel=\"external nofollow\"><strong>web del club.<\/strong><\/a><\/p>\n<p>&nbsp;<\/p>\n<p>M\u00e1s rutas por el <a href=\"http:\/\/www.magrama.gob.es\/es\/desarrollo-rural\/temas\/caminos-naturales\/caminos-naturales\/sector-centro\/villuercas\/villuercas.aspx\" rel=\"external nofollow\"><strong>Camino Natural de Las Villuercas.<\/strong><\/a><\/p>\n<!-- AddThis Advanced Settings generic via filter on the_content --><!-- AddThis Share Buttons generic via filter on the_content -->","protected":false},"excerpt":{"rendered":"<p>&nbsp; &nbsp; El Club de Senderismo Em\u00e9rita Augusta ha programado para el pr\u00f3ximo domingo 25 de mayo una ruta por una de las comarcas m\u00e1s especiales de Extremadura. Un recorrido de 19 kil\u00f3metros por el &#8216;Camino natural de Las Villuercas: de Ca\u00f1amero a Guadalupe&#8216;. Esta ruta se\u00f1alizada GR 116 destaca por adentrarse en una zona [&hellip;]<!-- AddThis Advanced Settings generic via filter on get_the_excerpt --><!-- AddThis Share Buttons generic via filter on get_the_excerpt --><\/p>\n","protected":false},"author":27,"featured_media":0,"comment_status":"open","ping_status":"closed","sticky":false,"template":"","format":"standard","meta":[],"categories":[4],"tags":[],"_links":{"self":[{"href":"https:\/\/blogs.hoy.es\/senderosextremadura\/wp-json\/wp\/v2\/posts\/2706"}],"collection":[{"href":"https:\/\/blogs.hoy.es\/senderosextremadura\/wp-json\/wp\/v2\/posts"}],"about":[{"href":"https:\/\/blogs.hoy.es\/senderosextremadura\/wp-json\/wp\/v2\/types\/post"}],"author":[{"embeddable":true,"href":"https:\/\/blogs.hoy.es\/senderosextremadura\/wp-json\/wp\/v2\/users\/27"}],"replies":[{"embeddable":true,"href":"https:\/\/blogs.hoy.es\/senderosextremadura\/wp-json\/wp\/v2\/comments?post=2706"}],"version-history":[{"count":0,"href":"https:\/\/blogs.hoy.es\/senderosextremadura\/wp-json\/wp\/v2\/posts\/2706\/revisions"}],"wp:attachment":[{"href":"https:\/\/blogs.hoy.es\/senderosextremadura\/wp-json\/wp\/v2\/media?parent=2706"}],"wp:term":[{"taxonomy":"category","embeddable":true,"href":"https:\/\/blogs.hoy.es\/senderosextremadura\/wp-json\/wp\/v2\/categories?post=2706"},{"taxonomy":"post_tag","embeddable":true,"href":"https:\/\/blogs.hoy.es\/senderosextremadura\/wp-json\/wp\/v2\/tags?post=2706"}],"curies":[{"name":"wp","href":"https:\/\/api.w.org\/{rel}","templated":true}]}}