{"id":2710,"date":"2014-05-13T09:39:36","date_gmt":"2014-05-13T09:39:36","guid":{"rendered":"http:\/\/blogs.hoy.es\/senderosextremadura\/?p=2710"},"modified":"2014-05-13T09:39:36","modified_gmt":"2014-05-13T09:39:36","slug":"ruta-de-10-kilometros-y-dificultad-baja-por-gredos-31-de-mayo","status":"publish","type":"post","link":"https:\/\/blogs.hoy.es\/senderosextremadura\/2014\/05\/13\/ruta-de-10-kilometros-y-dificultad-baja-por-gredos-31-de-mayo\/","title":{"rendered":"Ruta de 10 kil\u00f3metros y dificultad baja por Gredos (31 de mayo)"},"content":{"rendered":"<p>El <a href=\"http:\/\/www.clubcaminantebadajoz.com\/\" rel=\"external nofollow\"><strong>Club del Caminante de Badajoz<\/strong><\/a> realizar\u00e1 el pr\u00f3ximo 31 de mayo una ruta de 10 kil\u00f3metros y dificultad baja por el <strong>Pinar de Navarredonda<\/strong>, en la Sierra de Gredos.\u00a0 La ruta empieza y termina en la Plataforma de Gredos.<\/p>\n<p><!--more--><\/p>\n<p>La cordillera central de Gredos se nos muestra como una alargada cadena monta\u00f1osa que se levanta en el centro de la Pen\u00ednsula Ib\u00e9rica y que sirve de separaci\u00f3n a las cuencas y mesetas de los r\u00edos Duero y Tajo. En su sector intermedio, en concreto en el extremo meridional de la provincia de \u00c1vila, y como un pesado e impenetrable murall\u00f3n gran\u00edtico, se alza la Sierra de Gredos. En su accidentado y vertical relieve de picos agudos, brechas y salientes empinados destacan el circo y la laguna Grande de Gredos. Ambos son de origen glaciar y aparecen presididos por el pico Almanzor, coloso p\u00e9treo que, con sus 2.592 metros, es la m\u00e1xima altura de todo el Sistema Central.<\/p>\n<p>DESCRIPCI\u00d3N DE LA RUTA<\/p>\n<p>El autob\u00fas nos llevar\u00e1 durante unos metros por la carretera de la Nava hasta la altura del centro ecuestre. All\u00ed comenzaremos nuestro camino siguiendo la indicaci\u00f3n de Gredos Centre, a la derecha de dicha carretera.<\/p>\n<p>Al llegar al primer cruce, tomaremos la pista de la izquierda, pues de frente llegar\u00edamos hasta Gredos Centre, un centro de formaci\u00f3n en la naturaleza y campamentos juveniles. Desde aqu\u00ed y entre pinares tendremos unas hermosas vistas del Circo de Gredos.<\/p>\n<p>Siguiendo siempre en sentido descendente nuestra senda, llegaremos al R\u00edo Tormes, enlazando con el GR 10, Gran recorrido que atraviesa la Pen\u00ednsula de Este a Oeste.<\/p>\n<p>Siguiendo a nuestra derecha alcanzar\u00edamos en pocos metros Las Chorreras del Tormes, lugar en el que se encajona el r\u00edo y que, para el supuesto de que haya compa\u00f1eros que no las conozcan, podr\u00edamos recorrer.<\/p>\n<p>Nuestro verdadero destino se encuentra a la izquierda. Transitaremos unos metros por una pista c\u00f3moda, aunque asfaltada, y que en cu\u00e1nto podamos dejaremos para bajar al r\u00edo y pasear por su ribera, disfrutando de sus aguas cristalinas y refrescantes. Tranquilamente transcurrir\u00e1 nuestro paseo por el Tormes hasta llegar a la altura del Camping Navagredos, donde retomaremos por poco tiempo la pista del GR 10.<\/p>\n<p>Llegaremos a una portera, junto a un paso canadiense. En este punto dejaremos el GR a nuestra derecha, para, traspasando el paso, introducirnos en el espeso Pinar de Navarredonda. Giramos a nuestra izquierda con la intenci\u00f3n de alcanzar la c\u00f3moda pista de tierra que en suave y sombreado ascenso recorre el paraje.<\/p>\n<p>Sin dejar la misma llegaremos a Pe\u00f1a Hist\u00f3rica, de oscura fama por las reuniones all\u00ed mantenidas los d\u00edas 15 y 16 de junio de 1.935. Entre los asistentes se encontraban Jos\u00e9 Antonio Primo de Rivera y Franco. El asunto a tratar era la posibilidad de una insurrecci\u00f3n armada de la Falange, que termin\u00f3 desembocando en el Golpe de Estado que dio lugar a la Guerra Civil, recuerdo que obviaremos para simplemente deleitarnos con el paraje agradable. A escasos metros se encuentra el Parador Nacional de Gredos, primero de la Red que se fund\u00f3 bajo los auspicios de Alfonso XIII en 1.928 a fin de favorecer la pr\u00e1ctica de la Caza, abundante en la zona.<\/p>\n<p>Tras descansar, seguiremos nuestro camino siempre de frente, hasta atravesar otro paso canadiense, que nos conducir\u00e1 de nuevo al Pueblo.<\/p>\n<p>Dificultad D\u00eda 31:BAJA, D\u00eda 1: ALTA<br \/>\nSalida desde EL ANCLA de Badajoz a las 8:00 del 31\/05\/2014<\/p>\n<!-- AddThis Advanced Settings generic via filter on the_content --><!-- AddThis Share Buttons generic via filter on the_content -->","protected":false},"excerpt":{"rendered":"<p>El Club del Caminante de Badajoz realizar\u00e1 el pr\u00f3ximo 31 de mayo una ruta de 10 kil\u00f3metros y dificultad baja por el Pinar de Navarredonda, en la Sierra de Gredos.\u00a0 La ruta empieza y termina en la Plataforma de Gredos.<!-- AddThis Advanced Settings generic via filter on get_the_excerpt --><!-- AddThis Share Buttons generic via filter on get_the_excerpt --><\/p>\n","protected":false},"author":27,"featured_media":0,"comment_status":"open","ping_status":"closed","sticky":false,"template":"","format":"standard","meta":[],"categories":[4],"tags":[],"_links":{"self":[{"href":"https:\/\/blogs.hoy.es\/senderosextremadura\/wp-json\/wp\/v2\/posts\/2710"}],"collection":[{"href":"https:\/\/blogs.hoy.es\/senderosextremadura\/wp-json\/wp\/v2\/posts"}],"about":[{"href":"https:\/\/blogs.hoy.es\/senderosextremadura\/wp-json\/wp\/v2\/types\/post"}],"author":[{"embeddable":true,"href":"https:\/\/blogs.hoy.es\/senderosextremadura\/wp-json\/wp\/v2\/users\/27"}],"replies":[{"embeddable":true,"href":"https:\/\/blogs.hoy.es\/senderosextremadura\/wp-json\/wp\/v2\/comments?post=2710"}],"version-history":[{"count":0,"href":"https:\/\/blogs.hoy.es\/senderosextremadura\/wp-json\/wp\/v2\/posts\/2710\/revisions"}],"wp:attachment":[{"href":"https:\/\/blogs.hoy.es\/senderosextremadura\/wp-json\/wp\/v2\/media?parent=2710"}],"wp:term":[{"taxonomy":"category","embeddable":true,"href":"https:\/\/blogs.hoy.es\/senderosextremadura\/wp-json\/wp\/v2\/categories?post=2710"},{"taxonomy":"post_tag","embeddable":true,"href":"https:\/\/blogs.hoy.es\/senderosextremadura\/wp-json\/wp\/v2\/tags?post=2710"}],"curies":[{"name":"wp","href":"https:\/\/api.w.org\/{rel}","templated":true}]}}