{"id":2712,"date":"2014-05-13T17:11:15","date_gmt":"2014-05-13T17:11:15","guid":{"rendered":"http:\/\/blogs.hoy.es\/senderosextremadura\/?p=2712"},"modified":"2014-05-13T17:11:15","modified_gmt":"2014-05-13T17:11:15","slug":"caminata-rayana-por-la-historia-de-cheles-18-de-mayo","status":"publish","type":"post","link":"https:\/\/blogs.hoy.es\/senderosextremadura\/2014\/05\/13\/caminata-rayana-por-la-historia-de-cheles-18-de-mayo\/","title":{"rendered":"Caminata rayana por la historia de Cheles (18 de mayo)"},"content":{"rendered":"<div id=\"attachment_2713\" style=\"width: 593px\" class=\"wp-caption aligncenter\"><a href=\"https:\/\/blogs.hoy.es\/senderosextremadura\/\"><img aria-describedby=\"caption-attachment-2713\" loading=\"lazy\" class=\" wp-image-2713\" title=\"Vista de Cheles:: APRA\" src=\"\/senderosextremadura\/wp-content\/uploads\/sites\/22\/2014\/05\/cheles.jpg\" alt=\"Vista de Cheles:: APRA\" width=\"583\" height=\"437\" srcset=\"https:\/\/static-blogs.hoy.es\/wp-content\/uploads\/sites\/22\/2014\/05\/cheles.jpg 2048w, https:\/\/static-blogs.hoy.es\/wp-content\/uploads\/sites\/22\/2014\/05\/cheles-300x225.jpg 300w, https:\/\/static-blogs.hoy.es\/wp-content\/uploads\/sites\/22\/2014\/05\/cheles-768x576.jpg 768w, https:\/\/static-blogs.hoy.es\/wp-content\/uploads\/sites\/22\/2014\/05\/cheles-600x450.jpg 600w\" sizes=\"(max-width: 583px) 100vw, 583px\" \/><\/a><p id=\"caption-attachment-2713\" class=\"wp-caption-text\">Vista de Cheles:: APRA<\/p><\/div>\n<p>La <a href=\"https:\/\/www.facebook.com\/events\/541965942579287\/\" target=\"_blank\" rel=\"external nofollow\"><strong>asociaci\u00f3n lusa Projecto Raia-Alentejana<\/strong><\/a> (APRA) ha organizado una visita guiada por la <strong>localidad pacense de Cheles y la Sierra de<\/strong> <strong>Moncarche<\/strong>. Se trata de una caminata gratuita y de dificultad reducida que tiene como principal objetivo dar a conocer el patrimonio de esta villa rayana y sus parajes pr\u00f3ximos.<!--more--><\/p>\n<p>El <a href=\"https:\/\/mapsengine.google.com\/map\/edit?mid=zaxHArc-JSM0.k-G98ccSOW8E\" target=\"_blank\"><strong>punto de encuentro<\/strong><\/a> en el lado portugu\u00e9s ser\u00e1 la rotonda de Mour\u00e3o. Los caminantes saldr\u00e1n de all\u00ed en sus veh\u00edculos a las ocho de la ma\u00f1ana -hora local- en direcci\u00f3n a <strong>Villanueva del Fresno<\/strong>. En el lado espa\u00f1ol el punto de encuentro est\u00e1 fijado a las diez de la ma\u00f1ana- hora espa\u00f1ola- frente a la iglesia de Nuestra Se\u00f1ora de la\u00a0 Concepci\u00f3n de Cheles. Desde donde saldr\u00e1 el grupo.<\/p>\n<p>Durante el paseo los caminantes conocer\u00e1n el patrimonio de este municipio extreme\u00f1o enclavado en la frontera. Lo har\u00e1n de la mano del gu\u00eda\u00a0 <a href=\"https:\/\/www.facebook.com\/joaquin.larioscuello\" data-hovercard=\"\/ajax\/hovercard\/user.php?id=100002476333738\" rel=\"external nofollow\">Joaquin Larios Cuello<\/a>. Adem\u00e1s de repasar la historia de generaciones de familias dedicadas al contrabando rayano, se podr\u00e1n visitar\u00a0 los principales atractivos patrimoniales del municipio: la iglesia de la Pur\u00edsima Concepci\u00f3n, la ermita de Santo Cristo, el Palacio de los Condes de V\u00eda Manuel o los hornos de cal y cer\u00e1mica. Tambi\u00e9n se visitar\u00e1 una mina y el impresionante acueducto del Convento de Moncarche, sobre el arroyo Friegamu\u00f1oz en el camino de Los Jarales, entre Villanueva del Fresno y Alconchel.<\/p>\n<!-- AddThis Advanced Settings generic via filter on the_content --><!-- AddThis Share Buttons generic via filter on the_content -->","protected":false},"excerpt":{"rendered":"<p>La asociaci\u00f3n lusa Projecto Raia-Alentejana (APRA) ha organizado una visita guiada por la localidad pacense de Cheles y la Sierra de Moncarche. Se trata de una caminata gratuita y de dificultad reducida que tiene como principal objetivo dar a conocer el patrimonio de esta villa rayana y sus parajes pr\u00f3ximos.<!-- AddThis Advanced Settings generic via filter on get_the_excerpt --><!-- AddThis Share Buttons generic via filter on get_the_excerpt --><\/p>\n","protected":false},"author":27,"featured_media":0,"comment_status":"open","ping_status":"closed","sticky":false,"template":"","format":"standard","meta":[],"categories":[4],"tags":[25,204,301,541,673,811,817,960,1035,1088],"_links":{"self":[{"href":"https:\/\/blogs.hoy.es\/senderosextremadura\/wp-json\/wp\/v2\/posts\/2712"}],"collection":[{"href":"https:\/\/blogs.hoy.es\/senderosextremadura\/wp-json\/wp\/v2\/posts"}],"about":[{"href":"https:\/\/blogs.hoy.es\/senderosextremadura\/wp-json\/wp\/v2\/types\/post"}],"author":[{"embeddable":true,"href":"https:\/\/blogs.hoy.es\/senderosextremadura\/wp-json\/wp\/v2\/users\/27"}],"replies":[{"embeddable":true,"href":"https:\/\/blogs.hoy.es\/senderosextremadura\/wp-json\/wp\/v2\/comments?post=2712"}],"version-history":[{"count":0,"href":"https:\/\/blogs.hoy.es\/senderosextremadura\/wp-json\/wp\/v2\/posts\/2712\/revisions"}],"wp:attachment":[{"href":"https:\/\/blogs.hoy.es\/senderosextremadura\/wp-json\/wp\/v2\/media?parent=2712"}],"wp:term":[{"taxonomy":"category","embeddable":true,"href":"https:\/\/blogs.hoy.es\/senderosextremadura\/wp-json\/wp\/v2\/categories?post=2712"},{"taxonomy":"post_tag","embeddable":true,"href":"https:\/\/blogs.hoy.es\/senderosextremadura\/wp-json\/wp\/v2\/tags?post=2712"}],"curies":[{"name":"wp","href":"https:\/\/api.w.org\/{rel}","templated":true}]}}