{"id":2715,"date":"2014-05-13T17:43:54","date_gmt":"2014-05-13T17:43:54","guid":{"rendered":"http:\/\/blogs.hoy.es\/senderosextremadura\/?p=2715"},"modified":"2014-05-13T17:43:54","modified_gmt":"2014-05-13T17:43:54","slug":"ruta-de-alta-montana-por-el-espaldar-de-los-galayos-25-de-mayo","status":"publish","type":"post","link":"https:\/\/blogs.hoy.es\/senderosextremadura\/2014\/05\/13\/ruta-de-alta-montana-por-el-espaldar-de-los-galayos-25-de-mayo\/","title":{"rendered":"Ruta de alta monta\u00f1a por el Espaldar de los Galayos (25 de mayo)"},"content":{"rendered":"<div>\n<div id=\"fbPhotoSnowliftAuthorPic\"><\/div>\n<div><strong><a href=\"https:\/\/blogs.hoy.es\/senderosextremadura\/\"><img loading=\"lazy\" class=\"aligncenter size-full wp-image-2717\" title=\"\" src=\"\/senderosextremadura\/wp-content\/uploads\/sites\/22\/2014\/05\/galayos.jpg\" alt=\"\" width=\"222\" height=\"315\" srcset=\"https:\/\/static-blogs.hoy.es\/wp-content\/uploads\/sites\/22\/2014\/05\/galayos.jpg 222w, https:\/\/static-blogs.hoy.es\/wp-content\/uploads\/sites\/22\/2014\/05\/galayos-211x300.jpg 211w\" sizes=\"(max-width: 222px) 100vw, 222px\" \/><\/a><a id=\"js_14\" href=\"https:\/\/www.facebook.com\/valcorchero.grupodemontana?fref=photo\" data-hovercard=\"\/ajax\/hovercard\/user.php?id=100002054173116\" rel=\"external nofollow\">El Club De Monta\u00f1a Valcorchero<\/a><\/strong> de Plasencia realizar\u00e1\u00a0 el pr\u00f3ximo 25 de mayo una de sus grandes rutas programadas para esta temporada. Se trata de una marcha de 16 kil\u00f3metros por uno de los sitios que sus miembros consideran de los m\u00e1s bonitos de la Sierra de Gredos: el <strong>Espaldar de los Galayos<\/strong>. Participar\u00e1n con ellos monta\u00f1eros el Club de Losar de La Vera.<\/div>\n<div><!--more--><\/div>\n<div title=\"lunes, 12 de mayo de 2014 a la(s) 14:54\" data-utime=\"1399899280\" data-shorten=\"1\"><strong> ITINERARIO<\/strong><\/div>\n<div title=\"lunes, 12 de mayo de 2014 a la(s) 14:54\" data-utime=\"1399899280\" data-shorten=\"1\"><\/div>\n<\/div>\n<div title=\"lunes, 12 de mayo de 2014 a la(s) 14:54\" data-utime=\"1399899280\" data-shorten=\"1\">Plataforma del Nogal del Barranco &#8211; Collado del Yelmo &#8211; Las Berroqueras &#8211; Mirador del Gran Galayo &#8211; Prado de Los Pelaos- La Mira &#8211; Refugio V\u00edctory -Plataforma del Nogal del Barranco<br \/>\nDistancia aprox.: 16 kms. Tiempo aprox.: 9 horas. Dif.: 3 (alto)<br \/>\nDesnivel: 1.505 m.<br \/>\nAlternativa: Desde el Gran Galayo bajar directamente al refugio Victory.<br \/>\nDistancia aprox.: 13 kms. Tiempo aprox.: 7 horas. Dif.: 2 (medio)<br \/>\nSalida de Plasencia: Parque Los Pinos a las 6:30 horas<\/div>\n<div title=\"lunes, 12 de mayo de 2014 a la(s) 14:54\" data-utime=\"1399899280\" data-shorten=\"1\">Precios de inscripci\u00f3n:<br \/>\nSocios mayores federados: 12 euros<br \/>\nInf.\/Juvenil federados: 6 euros<br \/>\nNo fed. o fed. con otro club: 15 euros<br \/>\nSocios desempleados: 50 % desc.<\/div>\n<div title=\"lunes, 12 de mayo de 2014 a la(s) 14:54\" data-utime=\"1399899280\" data-shorten=\"1\">Las personas no federadas deber\u00e1n facilitar su DNI y fecha de nacimiento antes del jueves anterior a la marcha.<\/div>\n<!-- AddThis Advanced Settings generic via filter on the_content --><!-- AddThis Share Buttons generic via filter on the_content -->","protected":false},"excerpt":{"rendered":"<p>El Club De Monta\u00f1a Valcorchero de Plasencia realizar\u00e1\u00a0 el pr\u00f3ximo 25 de mayo una de sus grandes rutas programadas para esta temporada. Se trata de una marcha de 16 kil\u00f3metros por uno de los sitios que sus miembros consideran de los m\u00e1s bonitos de la Sierra de Gredos: el Espaldar de los Galayos. Participar\u00e1n con [&hellip;]<!-- AddThis Advanced Settings generic via filter on get_the_excerpt --><!-- AddThis Share Buttons generic via filter on get_the_excerpt --><\/p>\n","protected":false},"author":27,"featured_media":0,"comment_status":"open","ping_status":"closed","sticky":false,"template":"","format":"standard","meta":[],"categories":[4],"tags":[],"_links":{"self":[{"href":"https:\/\/blogs.hoy.es\/senderosextremadura\/wp-json\/wp\/v2\/posts\/2715"}],"collection":[{"href":"https:\/\/blogs.hoy.es\/senderosextremadura\/wp-json\/wp\/v2\/posts"}],"about":[{"href":"https:\/\/blogs.hoy.es\/senderosextremadura\/wp-json\/wp\/v2\/types\/post"}],"author":[{"embeddable":true,"href":"https:\/\/blogs.hoy.es\/senderosextremadura\/wp-json\/wp\/v2\/users\/27"}],"replies":[{"embeddable":true,"href":"https:\/\/blogs.hoy.es\/senderosextremadura\/wp-json\/wp\/v2\/comments?post=2715"}],"version-history":[{"count":0,"href":"https:\/\/blogs.hoy.es\/senderosextremadura\/wp-json\/wp\/v2\/posts\/2715\/revisions"}],"wp:attachment":[{"href":"https:\/\/blogs.hoy.es\/senderosextremadura\/wp-json\/wp\/v2\/media?parent=2715"}],"wp:term":[{"taxonomy":"category","embeddable":true,"href":"https:\/\/blogs.hoy.es\/senderosextremadura\/wp-json\/wp\/v2\/categories?post=2715"},{"taxonomy":"post_tag","embeddable":true,"href":"https:\/\/blogs.hoy.es\/senderosextremadura\/wp-json\/wp\/v2\/tags?post=2715"}],"curies":[{"name":"wp","href":"https:\/\/api.w.org\/{rel}","templated":true}]}}