{"id":2719,"date":"2014-05-15T12:57:16","date_gmt":"2014-05-15T12:57:16","guid":{"rendered":"http:\/\/blogs.hoy.es\/senderosextremadura\/?p=2719"},"modified":"2014-05-15T12:57:16","modified_gmt":"2014-05-15T12:57:16","slug":"ruta-de-la-pizarra-al-granito-25-de-mayo","status":"publish","type":"post","link":"https:\/\/blogs.hoy.es\/senderosextremadura\/2014\/05\/15\/ruta-de-la-pizarra-al-granito-25-de-mayo\/","title":{"rendered":"Ruta de la pizarra al granito (25 de mayo)"},"content":{"rendered":"<p><a href=\"https:\/\/blogs.hoy.es\/senderosextremadura\/\"><img loading=\"lazy\" class=\"aligncenter  wp-image-2721\" title=\"\" src=\"\/senderosextremadura\/wp-content\/uploads\/sites\/22\/2014\/05\/ladrillar.jpg\" alt=\"\" width=\"504\" height=\"357\" srcset=\"https:\/\/static-blogs.hoy.es\/wp-content\/uploads\/sites\/22\/2014\/05\/ladrillar.jpg 652w, https:\/\/static-blogs.hoy.es\/wp-content\/uploads\/sites\/22\/2014\/05\/ladrillar-300x213.jpg 300w, https:\/\/static-blogs.hoy.es\/wp-content\/uploads\/sites\/22\/2014\/05\/ladrillar-600x425.jpg 600w\" sizes=\"(max-width: 504px) 100vw, 504px\" \/><\/a><\/p>\n<p>El <strong>Club Placentino de Monta\u00f1a<\/strong> ha organizado para el pr\u00f3ximo fin de semana la <strong>Ruta de la pizarra al granito<\/strong>. La marcha se inicia\u00a0 en el pueblo hurdano de <strong>Ladrillar<\/strong> (a 740 metros de altitud). Por una antigua senda de herraduras, ascendemos por la ladera sur de la <strong>sierra de la Grangera<\/strong> hasta la portilla del mismo nombre. La subida desde el inicio es continua salvando un desnivel de 650 m en poco mas de 3.5 KM. El inteligente trazado del camino y la panor\u00e1mica al progresar la hacen c\u00f3moda.<\/p>\n<p><!--more--><\/p>\n<p>Este antiguo camino era una de las v\u00edas de comunicaci\u00f3n de las <strong>Hurdes Altas con La Alberca<\/strong>. La mayor parte de las Jurdes pertenecieron al Concejo de La Alberca durante casi 600 a\u00f1os. En ella se comerciaba, se pagaba impuestos,\u2026<\/p>\n<p>En la Portilla de la Grangera (1380m) dejamos el camino. Tomamos la cuerda (l\u00edmite provincial y comarcal) por una senda no siempre evidente, y ascendemos hasta el pico Mingorro o Cerro Rongiero (1627m). En sentido de la marcha, a nuestra izquierda el Valle del rio Agad\u00f3n y a la derecha el del rio Ladrillar. Entramos en el parque natural de Batuecas-Sierra de Francia.<br \/>\nDesde la cumbre en un d\u00eda despejado se divisan: el pantano de Gabriel y Gal\u00e1n, las serran\u00edas y dehesas hurdanas y de Granadilla, La planicie del campo Charro, La Sierra de la Estrella, Valle del Agad\u00f3n, Sierra de Francia con la mole de la Pe\u00f1a, sierra de La Alberca, el valle de las\u00a0\u00a0\u00a0\u00a0 Batuecas en toda su extensi\u00f3n longitudinal a nuestros pies, la sierra de Candelario y la cuerda de los Montes de Tras la Sierra en toda su\u00a0\u00a0\u00a0\u00a0\u00a0\u00a0 extensi\u00f3n. Desde la cima tomamos direcci\u00f3n NE descendiendo por una ladera pedregosa hasta el Puerto de Monsagro donde volvemos a retomar el antiguo camino que viene de Ladrillar, hasta los Puertitos. Gran parte del descenso se hace por la crester\u00eda que cierra el Valle de las Batuecas divisando a nuestra derecha toda su profundidad. De frente, la crester\u00eda de la Sierra de La Alberca (Pe\u00f1a Carbonera, Pe\u00f1a del Huevo, Portilla de la Bejarana\u2026.) El Puerto de Monsagro (1359m), es divisoria de aguas: Cuenca del Tajo a nuestra derecha (Rio Batuecas), Duero a nuestra\u00a0\u00a0\u00a0\u00a0 izquierda (rio Agad\u00f3n). Era este lugar de paso de hurdanos con sus caballer\u00edas para comerciar en la Alberca, o ascender a la Pe\u00f1a. Tambien lo fue de carboneros, y contrabandistas. Y sus alrededores, lugar de una cruenta batalla entre \u00e1rabes y cristianos apoyados por caballeros\u00a0\u00a0\u00a0\u00a0\u00a0\u00a0\u00a0 franceses. (\u00bfLeyenda?) En los Puertitos tomamos direcci\u00f3n norte por un camino de suave pendiente que discurre por la ladera de la Mesa del Franc\u00e9s, hasta el Paso de los Lobos. A nuestra derecha el Valle de Lera que desciende hasta la Alberca. De frente, la mole de la Pe\u00f1a de Francia con el \u201cSalto del Ni\u00f1o\u201d, el santuario\u2026. Desde el Paso de los Lobos (1499m) tomamos el GR-10 hasta la cumbre (1723m), la hospeder\u00eda y\u2026 \u2026 \u2026 Pisaremos pizarras, cuarcitas, granito\u2026<\/p>\n<p>SALIDA A LAS 7:30 DESDE LA AVENIDA DEL VALLE (FRENTE AL ARBOL)<\/p>\n<p>SOCIOS 12 euros NO SOCIOS 14 euros<\/p>\n<p>INSCRIBIRSE ANTES DEL 22 DE MAYO<\/p>\n<p>INSCRIPCIONES EN LA WEB DEL CLUB EN LA SEDE DEL CLUB O EN CRISMAR SPORTS<\/p>\n<!-- AddThis Advanced Settings generic via filter on the_content --><!-- AddThis Share Buttons generic via filter on the_content -->","protected":false},"excerpt":{"rendered":"<p>El Club Placentino de Monta\u00f1a ha organizado para el pr\u00f3ximo fin de semana la Ruta de la pizarra al granito. La marcha se inicia\u00a0 en el pueblo hurdano de Ladrillar (a 740 metros de altitud). Por una antigua senda de herraduras, ascendemos por la ladera sur de la sierra de la Grangera hasta la portilla [&hellip;]<!-- AddThis Advanced Settings generic via filter on get_the_excerpt --><!-- AddThis Share Buttons generic via filter on get_the_excerpt --><\/p>\n","protected":false},"author":27,"featured_media":0,"comment_status":"open","ping_status":"closed","sticky":false,"template":"","format":"standard","meta":[],"categories":[4],"tags":[],"_links":{"self":[{"href":"https:\/\/blogs.hoy.es\/senderosextremadura\/wp-json\/wp\/v2\/posts\/2719"}],"collection":[{"href":"https:\/\/blogs.hoy.es\/senderosextremadura\/wp-json\/wp\/v2\/posts"}],"about":[{"href":"https:\/\/blogs.hoy.es\/senderosextremadura\/wp-json\/wp\/v2\/types\/post"}],"author":[{"embeddable":true,"href":"https:\/\/blogs.hoy.es\/senderosextremadura\/wp-json\/wp\/v2\/users\/27"}],"replies":[{"embeddable":true,"href":"https:\/\/blogs.hoy.es\/senderosextremadura\/wp-json\/wp\/v2\/comments?post=2719"}],"version-history":[{"count":0,"href":"https:\/\/blogs.hoy.es\/senderosextremadura\/wp-json\/wp\/v2\/posts\/2719\/revisions"}],"wp:attachment":[{"href":"https:\/\/blogs.hoy.es\/senderosextremadura\/wp-json\/wp\/v2\/media?parent=2719"}],"wp:term":[{"taxonomy":"category","embeddable":true,"href":"https:\/\/blogs.hoy.es\/senderosextremadura\/wp-json\/wp\/v2\/categories?post=2719"},{"taxonomy":"post_tag","embeddable":true,"href":"https:\/\/blogs.hoy.es\/senderosextremadura\/wp-json\/wp\/v2\/tags?post=2719"}],"curies":[{"name":"wp","href":"https:\/\/api.w.org\/{rel}","templated":true}]}}