{"id":2726,"date":"2014-06-09T10:56:04","date_gmt":"2014-06-09T10:56:04","guid":{"rendered":"http:\/\/blogs.hoy.es\/senderosextremadura\/?p=2726"},"modified":"2014-06-09T10:56:04","modified_gmt":"2014-06-09T10:56:04","slug":"brujula-de-zarco-una-ruta-nocturna-por-olivenza-14-de-junio","status":"publish","type":"post","link":"https:\/\/blogs.hoy.es\/senderosextremadura\/2014\/06\/09\/brujula-de-zarco-una-ruta-nocturna-por-olivenza-14-de-junio\/","title":{"rendered":"Br\u00fajula de Zarco, una ruta nocturna por Olivenza (14 de junio)"},"content":{"rendered":"<div>\n<div id=\"attachment_2728\" style=\"width: 517px\" class=\"wp-caption aligncenter\"><a href=\"https:\/\/blogs.hoy.es\/senderosextremadura\"><img aria-describedby=\"caption-attachment-2728\" loading=\"lazy\" class=\" wp-image-2728\" title=\"\" src=\"\/senderosextremadura\/wp-content\/uploads\/sites\/22\/2014\/05\/zarcon.jpg\" alt=\"\" width=\"507\" height=\"348\" srcset=\"https:\/\/static-blogs.hoy.es\/wp-content\/uploads\/sites\/22\/2014\/05\/zarcon.jpg 960w, https:\/\/static-blogs.hoy.es\/wp-content\/uploads\/sites\/22\/2014\/05\/zarcon-300x206.jpg 300w, https:\/\/static-blogs.hoy.es\/wp-content\/uploads\/sites\/22\/2014\/05\/zarcon-768x528.jpg 768w, https:\/\/static-blogs.hoy.es\/wp-content\/uploads\/sites\/22\/2014\/05\/zarcon-600x413.jpg 600w\" sizes=\"(max-width: 507px) 100vw, 507px\" \/><\/a><p id=\"caption-attachment-2728\" class=\"wp-caption-text\">Imagen elegida para ilustrar el cartel de la ruta.<\/p><\/div>\n<\/div>\n<div>El <strong>club senderista Prisi\u00f1as de Olivenza<\/strong> ha organizado la <a href=\"http:\/\/clubsenderistaolivenza.es\/ruta-la-brujula-de-zarco.html\" target=\"_blank\" rel=\"external nofollow\"><strong>Ruta &#8216;La Br\u00fajula de Zarco<\/strong><\/a>&#8216;. Se trata de una marcha nocturna que partir\u00e1 el\u00a0 14 de junio. En ella participar\u00e1n m\u00e1s de 700 personas. Tiene una distancia de <strong>16 kil\u00f3metros<\/strong> y contar\u00e1 con un punto de avituallamiento muy especial.\u00a0<!--more--><\/div>\n<div>\n<div>As\u00ed describe el club Prisi\u00f1as esta nueva aventura senderista:<\/div>\n<div><\/div>\n<div>\u201cCamina y la Br\u00fajula te guiar\u00e1\u201d.- dijo Zarco\u2026 Y nuestros pasos seguir\u00e1n el sendero hacia ese lugar de ensue\u00f1o donde encontraremos\u2026 algo fabuloso. Este ser\u00e1 nuestro camino, ya trazado en 16 kil\u00f3metros de pura ilusi\u00f3n. Esperamos que todos pod\u00e1is sentirla a cada paso que deis por \u00e9l. El track de La Br\u00fajula de Zarco est\u00e1 dise\u00f1ado para aquellos que quieran seguir las agujas, en un intr\u00e9pido viaje hacia la imaginaci\u00f3n.<\/div>\n<div><\/div>\n<\/div>\n<div>La recepci\u00f3n de los senderistas comenzar\u00e1 a las 20:30 en el <strong>Hotel Heredero de Olivenza<\/strong> y la salida de la ruta ser\u00e1 puntual a las 21:30. El recorrido ser\u00e1 de dificultad media-baja y circular. Ser\u00e1 imprescindible llevar linternas.<\/div>\n<div>Al terminar la ruta habr\u00e1 una cena en el Hotel Heredero.<\/div>\n<div><\/div>\n<p>&nbsp;<\/p>\n<p>&nbsp;<\/p>\n<p>&nbsp;<\/p>\n<div><\/div>\n<div>Club Senderista Prisi\u00f1as<\/div>\n<div><a href=\"http:\/\/clubsenderistaolivenza.es\/ruta-la-brujula-de-zarco.html\" target=\"_blank\" rel=\"external nofollow\">www.clubsenderistaolivenza.es<\/a><br \/>\nTfno. 625335263<\/div>\n<!-- AddThis Advanced Settings generic via filter on the_content --><!-- AddThis Share Buttons generic via filter on the_content -->","protected":false},"excerpt":{"rendered":"<p>El club senderista Prisi\u00f1as de Olivenza ha organizado la Ruta &#8216;La Br\u00fajula de Zarco&#8216;. Se trata de una marcha nocturna que partir\u00e1 el\u00a0 14 de junio. En ella participar\u00e1n m\u00e1s de 700 personas. Tiene una distancia de 16 kil\u00f3metros y contar\u00e1 con un punto de avituallamiento muy especial.\u00a0<!-- AddThis Advanced Settings generic via filter on get_the_excerpt --><!-- AddThis Share Buttons generic via filter on get_the_excerpt --><\/p>\n","protected":false},"author":27,"featured_media":0,"comment_status":"open","ping_status":"closed","sticky":false,"template":"","format":"standard","meta":[],"categories":[4],"tags":[],"_links":{"self":[{"href":"https:\/\/blogs.hoy.es\/senderosextremadura\/wp-json\/wp\/v2\/posts\/2726"}],"collection":[{"href":"https:\/\/blogs.hoy.es\/senderosextremadura\/wp-json\/wp\/v2\/posts"}],"about":[{"href":"https:\/\/blogs.hoy.es\/senderosextremadura\/wp-json\/wp\/v2\/types\/post"}],"author":[{"embeddable":true,"href":"https:\/\/blogs.hoy.es\/senderosextremadura\/wp-json\/wp\/v2\/users\/27"}],"replies":[{"embeddable":true,"href":"https:\/\/blogs.hoy.es\/senderosextremadura\/wp-json\/wp\/v2\/comments?post=2726"}],"version-history":[{"count":0,"href":"https:\/\/blogs.hoy.es\/senderosextremadura\/wp-json\/wp\/v2\/posts\/2726\/revisions"}],"wp:attachment":[{"href":"https:\/\/blogs.hoy.es\/senderosextremadura\/wp-json\/wp\/v2\/media?parent=2726"}],"wp:term":[{"taxonomy":"category","embeddable":true,"href":"https:\/\/blogs.hoy.es\/senderosextremadura\/wp-json\/wp\/v2\/categories?post=2726"},{"taxonomy":"post_tag","embeddable":true,"href":"https:\/\/blogs.hoy.es\/senderosextremadura\/wp-json\/wp\/v2\/tags?post=2726"}],"curies":[{"name":"wp","href":"https:\/\/api.w.org\/{rel}","templated":true}]}}