{"id":2729,"date":"2014-05-28T09:08:07","date_gmt":"2014-05-28T09:08:07","guid":{"rendered":"http:\/\/blogs.hoy.es\/senderosextremadura\/?p=2729"},"modified":"2014-05-28T09:08:07","modified_gmt":"2014-05-28T09:08:07","slug":"travesia-por-el-salto-de-la-miancera-y-el-volcan-de-el-gasco-1-de-junio","status":"publish","type":"post","link":"https:\/\/blogs.hoy.es\/senderosextremadura\/2014\/05\/28\/travesia-por-el-salto-de-la-miancera-y-el-volcan-de-el-gasco-1-de-junio\/","title":{"rendered":"Traves\u00eda por el Salto de la Miancera y el Volc\u00e1n de El Gasco (1 de junio)"},"content":{"rendered":"<p>&nbsp;<\/p>\n<div id=\"attachment_2731\" style=\"width: 360px\" class=\"wp-caption alignleft\"><a href=\"https:\/\/blogs.hoy.es\/senderosextremadura\/\"><img aria-describedby=\"caption-attachment-2731\" loading=\"lazy\" class=\"size-full wp-image-2731\" title=\"\" src=\"\/senderosextremadura\/wp-content\/uploads\/sites\/22\/2014\/05\/gasco.jpg\" alt=\"\" width=\"350\" height=\"234\" srcset=\"https:\/\/static-blogs.hoy.es\/wp-content\/uploads\/sites\/22\/2014\/05\/gasco.jpg 350w, https:\/\/static-blogs.hoy.es\/wp-content\/uploads\/sites\/22\/2014\/05\/gasco-300x201.jpg 300w\" sizes=\"(max-width: 350px) 100vw, 350px\" \/><\/a><p id=\"caption-attachment-2731\" class=\"wp-caption-text\">El Gasco.<\/p><\/div>\n<p><a href=\"http:\/\/www.senderismoemeritaaugusta.com\/clubsenderismoemerita\/\/\" rel=\"external nofollow\"><strong>Senderismo Em\u00e9rita Augusta<\/strong><\/a> realizar\u00e1 este domingo 1 de junio una ruta por el <strong>coraz\u00f3n de Las Hurdes<\/strong>. Se trata de una traves\u00eda de 13 kil\u00f3metros y una duraci\u00f3n aproximada de 4,30 horas. La ruta comienza en la <strong>alquer\u00eda de Martinlandr\u00e1n<\/strong>, baja hasta el<strong> r\u00edo Malvellido,<\/strong> donde se inicia un bonito sendero hasta la <strong>alquer\u00eda de La Fragosa<\/strong>, ambas poblaciones t\u00edpicas hurdanas. Una vez cruzado el r\u00edo y por sendero bien marcado iniciaremos una ligera subida y podremos observar los meandros del r\u00edo y el macizo monta\u00f1oso que nos rodea, el <strong>barranco de La Cavilosa<\/strong> y la cumbre de la Jubalerra entre otras y al fondo nuestro objetivo; la c\u00f3nica figura de el Volc\u00e1n del Gasco.<\/p>\n<p><!--more--><\/p>\n<p>As\u00ed explica <strong>Andr\u00e9s Ramos Sim\u00f3n<\/strong>, miembro del club senderista de M\u00e9rida, en qu\u00e9 consiste este recorrido:<\/p>\n<p>Siempre una verdadera gozada recorrer el valle del Malvellido, un paraje siempre misterioso, estrecho y<\/p>\n<div id=\"attachment_2732\" style=\"width: 360px\" class=\"wp-caption alignleft\"><a href=\"https:\/\/blogs.hoy.es\/senderosextremadura\/\"><img aria-describedby=\"caption-attachment-2732\" loading=\"lazy\" class=\"size-full wp-image-2732\" title=\"\" src=\"\/senderosextremadura\/wp-content\/uploads\/sites\/22\/2014\/05\/chorro2.jpg\" alt=\"\" width=\"350\" height=\"263\" srcset=\"https:\/\/static-blogs.hoy.es\/wp-content\/uploads\/sites\/22\/2014\/05\/chorro2.jpg 350w, https:\/\/static-blogs.hoy.es\/wp-content\/uploads\/sites\/22\/2014\/05\/chorro2-300x225.jpg 300w\" sizes=\"(max-width: 350px) 100vw, 350px\" \/><\/a><p id=\"caption-attachment-2732\" class=\"wp-caption-text\">Chorro de la Miancera.<\/p><\/div>\n<p>sorprendente. Esta comarca mostrada en todo su esplendor natural. En poco tiempo llegaremos al pueblo de El Gasco, singular pueblo hurdano, conservando todo el sabor tradicional de la comarca. Desde aqu\u00ed tomamos un sendero que inicialmente nos lleva a un mirador, el cual abandonamos para tomar otro sendero que nos situa frente al volc\u00e1n. Al llegar al arroyo, el sendero se pierde unos metros por medio de las construcciones de huertos. Vuelve a aparecer detr\u00e1s de los muros de piedras que est\u00e1n situados a nuestra izquierda.<\/p>\n<p>Un fuerte repecho entre bastante vegetaci\u00f3n y alcanzaremos la cima de este volc\u00e1n\u00a0 extinto, manteniendo restos de piedra porosa y una bonita panor\u00e1mica del valle y la gran cascada La Miancera (seg\u00fan la \u00e9poca del a\u00f1o y la lluvia existente). Tras la cumbre es interesante ir a la base de la cascada , una aut\u00e9ntica maravilla de la naturaleza conocida por muchos de nosotros. De este lugar bajaremos al Casco final de nuestra etapa, donde podremos comer o tapear en el Bar existente y visitado en otras ocasiones que hemos estado por la zona.<\/p>\n<p>Si el d\u00eda climatol\u00f3gicamente\u00a0 lo pidiera, podr\u00edamos acortar la ruta en 4 Km. Y tambi\u00e9n las personas que no deseen subir al Volc\u00e1n se podr\u00edan quedar en el Gasco.<\/p>\n<p>Toda la <a href=\"http:\/\/www.senderismoemeritaaugusta.com\/clubsenderismoemerita\/\" rel=\"external nofollow\"><strong>informaci\u00f3n en la web del club.<\/strong><\/a><\/p>\n<!-- AddThis Advanced Settings generic via filter on the_content --><!-- AddThis Share Buttons generic via filter on the_content -->","protected":false},"excerpt":{"rendered":"<p>&nbsp; Senderismo Em\u00e9rita Augusta realizar\u00e1 este domingo 1 de junio una ruta por el coraz\u00f3n de Las Hurdes. Se trata de una traves\u00eda de 13 kil\u00f3metros y una duraci\u00f3n aproximada de 4,30 horas. La ruta comienza en la alquer\u00eda de Martinlandr\u00e1n, baja hasta el r\u00edo Malvellido, donde se inicia un bonito sendero hasta la alquer\u00eda [&hellip;]<!-- AddThis Advanced Settings generic via filter on get_the_excerpt --><!-- AddThis Share Buttons generic via filter on get_the_excerpt --><\/p>\n","protected":false},"author":27,"featured_media":0,"comment_status":"open","ping_status":"closed","sticky":false,"template":"","format":"standard","meta":[],"categories":[4],"tags":[],"_links":{"self":[{"href":"https:\/\/blogs.hoy.es\/senderosextremadura\/wp-json\/wp\/v2\/posts\/2729"}],"collection":[{"href":"https:\/\/blogs.hoy.es\/senderosextremadura\/wp-json\/wp\/v2\/posts"}],"about":[{"href":"https:\/\/blogs.hoy.es\/senderosextremadura\/wp-json\/wp\/v2\/types\/post"}],"author":[{"embeddable":true,"href":"https:\/\/blogs.hoy.es\/senderosextremadura\/wp-json\/wp\/v2\/users\/27"}],"replies":[{"embeddable":true,"href":"https:\/\/blogs.hoy.es\/senderosextremadura\/wp-json\/wp\/v2\/comments?post=2729"}],"version-history":[{"count":0,"href":"https:\/\/blogs.hoy.es\/senderosextremadura\/wp-json\/wp\/v2\/posts\/2729\/revisions"}],"wp:attachment":[{"href":"https:\/\/blogs.hoy.es\/senderosextremadura\/wp-json\/wp\/v2\/media?parent=2729"}],"wp:term":[{"taxonomy":"category","embeddable":true,"href":"https:\/\/blogs.hoy.es\/senderosextremadura\/wp-json\/wp\/v2\/categories?post=2729"},{"taxonomy":"post_tag","embeddable":true,"href":"https:\/\/blogs.hoy.es\/senderosextremadura\/wp-json\/wp\/v2\/tags?post=2729"}],"curies":[{"name":"wp","href":"https:\/\/api.w.org\/{rel}","templated":true}]}}